{"id":14236,"date":"2024-12-04T15:06:21","date_gmt":"2024-12-04T14:06:21","guid":{"rendered":"https:\/\/www.museodelbali.it\/?p=14236"},"modified":"2024-12-04T15:38:30","modified_gmt":"2024-12-04T14:38:30","slug":"a-shooting-star-a-granted-wish-5","status":"publish","type":"post","link":"https:\/\/www.museodelbali.it\/en\/a-shooting-star-a-granted-wish-5\/","title":{"rendered":"A shooting star, a granted wish!"},"content":{"rendered":"\t\t<div data-elementor-type=\"wp-post\" data-elementor-id=\"14236\" class=\"elementor elementor-14236 elementor-14235\" data-elementor-post-type=\"post\">\n\t\t\t\t\t\t<section class=\"elementor-section elementor-top-section elementor-element elementor-element-81b889c elementor-section-boxed elementor-section-height-default elementor-section-height-default\" data-id=\"81b889c\" data-element_type=\"section\" data-e-type=\"section\" data-settings=\"{&quot;architecturer_ext_is_background_parallax&quot;:&quot;false&quot;,&quot;architecturer_ext_is_background_on_scroll&quot;:&quot;false&quot;}\">\n\t\t\t\t\t\t<div class=\"elementor-container elementor-column-gap-default\">\n\t\t\t\t\t<div class=\"elementor-column elementor-col-100 elementor-top-column elementor-element elementor-element-e590afc\" data-id=\"e590afc\" data-element_type=\"column\" data-e-type=\"column\" data-settings=\"{&quot;architecturer_ext_is_mobile_menu&quot;:&quot;false&quot;,&quot;architecturer_ext_is_scrollme&quot;:&quot;false&quot;,&quot;architecturer_ext_is_smoove&quot;:&quot;false&quot;,&quot;architecturer_ext_is_parallax_mouse&quot;:&quot;false&quot;,&quot;architecturer_ext_is_infinite&quot;:&quot;false&quot;,&quot;architecturer_ext_is_fadeout_animation&quot;:&quot;false&quot;}\">\n\t\t\t<div class=\"elementor-widget-wrap elementor-element-populated\">\n\t\t\t\t\t\t<div class=\"elementor-element elementor-element-19ecedfa elementor-widget elementor-widget-text-editor\" data-id=\"19ecedfa\" data-element_type=\"widget\" data-e-type=\"widget\" data-settings=\"{&quot;architecturer_ext_is_mobile_menu&quot;:&quot;false&quot;,&quot;architecturer_ext_is_scrollme&quot;:&quot;false&quot;,&quot;architecturer_ext_is_smoove&quot;:&quot;false&quot;,&quot;architecturer_ext_is_parallax_mouse&quot;:&quot;false&quot;,&quot;architecturer_ext_is_infinite&quot;:&quot;false&quot;,&quot;architecturer_ext_is_fadeout_animation&quot;:&quot;false&quot;}\" data-widget_type=\"text-editor.default\">\n\t\t\t\t<div class=\"elementor-widget-container\">\n\t\t\t\t\t\t\t\t\t<h3>UN MESE PER TUTTI I GUSTI, DAL DIVERTIMENTO ALL&#8217;APPROFONDIMENTO, SEMPRE E NATURALMENTE SCIENTIFICI!<\/h3>\n<p>Eccoci qua. Siamo agli sgoccioli di un 2024 ricco di attivit\u00e0 ed eventi per festeggiare i 20 anni di attivit\u00e0 del museo.\u00a0<span style=\"font-size: 16px;\">E ancora non ci fermiamo.\u00a0<\/span><span style=\"font-size: 16px;\">Per il mese di novembre abbiamo programmato per tutti nostri visitatori diverse iniziative degne di nota.\u00a0<\/span><\/p>\n<p><span style=\"font-size: 16px;\">Iniziamo alla grande con il ponte di Ognissanti per chiunque abbia voglia di passare una giornata diversa dal solito grazie alle numerose attivit\u00e0 di intrattenimento scientifico organizzate al museo.<\/span><\/p>\n<p><span style=\"font-size: 16px;\">Gli eventi in programma durante il mese, per\u00f2, non vogliono solo divertire le persone con i fenomeni scientifici, ma anche strizzare l&#8217;occhio a chi ha voglia di approfondire alcuni contenuti scientifici di attualit\u00e0 grazie alla collaborazione con alcuni professori del Dipartimento di Biotecnologie dell&#8217;Universit\u00e0 di Urbino.<\/span><\/p>\n<p>Scopri qui sotto tutte le info e il programma.<\/p>\n\t\t\t\t\t\t\t\t<\/div>\n\t\t\t\t<\/div>\n\t\t\t\t<div class=\"elementor-element elementor-element-18426f6 elementor-widget-divider--view-line elementor-widget elementor-widget-divider\" data-id=\"18426f6\" data-element_type=\"widget\" data-e-type=\"widget\" data-settings=\"{&quot;architecturer_ext_is_mobile_menu&quot;:&quot;false&quot;,&quot;architecturer_ext_is_scrollme&quot;:&quot;false&quot;,&quot;architecturer_ext_is_smoove&quot;:&quot;false&quot;,&quot;architecturer_ext_is_parallax_mouse&quot;:&quot;false&quot;,&quot;architecturer_ext_is_infinite&quot;:&quot;false&quot;,&quot;architecturer_ext_is_fadeout_animation&quot;:&quot;false&quot;}\" data-widget_type=\"divider.default\">\n\t\t\t\t<div class=\"elementor-widget-container\">\n\t\t\t\t\t\t\t<div class=\"elementor-divider\">\n\t\t\t<span class=\"elementor-divider-separator\">\n\t\t\t\t\t\t<\/span>\n\t\t<\/div>\n\t\t\t\t\t\t<\/div>\n\t\t\t\t<\/div>\n\t\t\t\t<div class=\"elementor-element elementor-element-8a2a788 elementor-widget elementor-widget-text-editor\" data-id=\"8a2a788\" data-element_type=\"widget\" data-e-type=\"widget\" data-settings=\"{&quot;architecturer_ext_is_mobile_menu&quot;:&quot;false&quot;,&quot;architecturer_ext_is_scrollme&quot;:&quot;false&quot;,&quot;architecturer_ext_is_smoove&quot;:&quot;false&quot;,&quot;architecturer_ext_is_parallax_mouse&quot;:&quot;false&quot;,&quot;architecturer_ext_is_infinite&quot;:&quot;false&quot;,&quot;architecturer_ext_is_fadeout_animation&quot;:&quot;false&quot;}\" data-widget_type=\"text-editor.default\">\n\t\t\t\t<div class=\"elementor-widget-container\">\n\t\t\t\t\t\t\t\t\t<h3>GIORNI E ORARI DI APERTURA<\/h3>\n<b>PONTE DI OGNISSANTI<br>\n<\/b>Venerd\u00ec 1 novembre:\u00a0<span style=\"font-family: Roboto, sans-serif; font-size: 16px; font-style: normal; font-weight: 300;\">d<\/span><span style=\"font-weight: 300; font-style: normal; font-size: 16px; font-family: Roboto, sans-serif;\">alle 10:30 alle 18:30.<\/span><br>\nSabato 2 novembre:\u00a0<span style=\"font-family: Roboto, sans-serif; font-size: 16px; font-style: normal; font-weight: 300;\">d<\/span><span style=\"font-weight: 300; font-style: normal; font-size: 16px; font-family: Roboto, sans-serif;\">alle 10:30 alle 18:30.<\/span><br>\nDomenica 3 novembre: d<span style=\"font-family: Roboto, sans-serif; font-size: 16px; font-style: normal; font-weight: 300;\">alle 10:30 alle 18:30.<\/span>\n<p>\n<span style=\"font-family: Roboto, sans-serif; font-size: 16px; font-style: normal;\"><b>PER TUTTO IL RESTO DEL MESE:<br>\n<\/b><\/span><span style=\"font-size: 16px;\">Sabato: dalle 15:00 alle 19:30\n<br><\/span><span style=\"font-size: 16px;\">Domenica: dalle 10:30 alle 18:30.\n<\/span>\n<p>\n<b>CONFERENZE DI APPROFONDIMENTO &#8220;SCIENZA E SOCIETA'&#8221;<br>\n<\/b><span style=\"font-size: 16px;\">Domenica 17 novembre, ore 16:30<br>\n<\/span><span style=\"font-size: 16px;\"><del>Domenica 1 dicembre, ore 16:30<\/del><\/span>\n\nLa biglietteria chiude due ore prima della chiusura del museo.\t\t\t\t\t\t\t\t<\/div>\n\t\t\t\t<\/div>\n\t\t\t\t<div class=\"elementor-element elementor-element-330051a elementor-widget-divider--view-line elementor-widget elementor-widget-divider\" data-id=\"330051a\" data-element_type=\"widget\" data-e-type=\"widget\" data-settings=\"{&quot;architecturer_ext_is_mobile_menu&quot;:&quot;false&quot;,&quot;architecturer_ext_is_scrollme&quot;:&quot;false&quot;,&quot;architecturer_ext_is_smoove&quot;:&quot;false&quot;,&quot;architecturer_ext_is_parallax_mouse&quot;:&quot;false&quot;,&quot;architecturer_ext_is_infinite&quot;:&quot;false&quot;,&quot;architecturer_ext_is_fadeout_animation&quot;:&quot;false&quot;}\" data-widget_type=\"divider.default\">\n\t\t\t\t<div class=\"elementor-widget-container\">\n\t\t\t\t\t\t\t<div class=\"elementor-divider\">\n\t\t\t<span class=\"elementor-divider-separator\">\n\t\t\t\t\t\t<\/span>\n\t\t<\/div>\n\t\t\t\t\t\t<\/div>\n\t\t\t\t<\/div>\n\t\t\t\t<div class=\"elementor-element elementor-element-ca4cf0e elementor-widget elementor-widget-text-editor\" data-id=\"ca4cf0e\" data-element_type=\"widget\" data-e-type=\"widget\" data-settings=\"{&quot;architecturer_ext_is_mobile_menu&quot;:&quot;false&quot;,&quot;architecturer_ext_is_scrollme&quot;:&quot;false&quot;,&quot;architecturer_ext_is_smoove&quot;:&quot;false&quot;,&quot;architecturer_ext_is_parallax_mouse&quot;:&quot;false&quot;,&quot;architecturer_ext_is_infinite&quot;:&quot;false&quot;,&quot;architecturer_ext_is_fadeout_animation&quot;:&quot;false&quot;}\" data-widget_type=\"text-editor.default\">\n\t\t\t\t<div class=\"elementor-widget-container\">\n\t\t\t\t\t\t\t\t\t<h4>COSA FARE<\/h4>\n<p>Nel biglietto &#8220;Museo + Planetario&#8221; sono comprese tutte queste attivit\u00e0:<\/p>\n\t\t\t\t\t\t\t\t<\/div>\n\t\t\t\t<\/div>\n\t\t\t\t<div class=\"elementor-element elementor-element-ae5d8c6 bdt-ps-image-match-height--yes elementor-widget elementor-widget-prime-slider-sequester\" data-id=\"ae5d8c6\" data-element_type=\"widget\" data-e-type=\"widget\" data-settings=\"{&quot;architecturer_ext_is_mobile_menu&quot;:&quot;false&quot;,&quot;architecturer_ext_is_scrollme&quot;:&quot;false&quot;,&quot;architecturer_ext_is_smoove&quot;:&quot;false&quot;,&quot;architecturer_ext_is_parallax_mouse&quot;:&quot;false&quot;,&quot;architecturer_ext_is_infinite&quot;:&quot;false&quot;,&quot;architecturer_ext_is_fadeout_animation&quot;:&quot;false&quot;}\" data-widget_type=\"prime-slider-sequester.default\">\n\t\t\t\t<div class=\"elementor-widget-container\">\n\t\t\t\t\t\t\t<div class=\"bdt-prime-slider\">\n\t\t\t<div class=\"bdt-prime-slider-sequester\">\n\t\t\t\t<div class=\"bdt-position-relative bdt-visible-toggle\" data-settings=\"{&quot;id&quot;:&quot;#bdt-ae5d8c6&quot;,&quot;animation_status&quot;:&quot;no&quot;}\" id=\"bdt-ae5d8c6\" bdt-slideshow=\"{&quot;animation&quot;:&quot;fade&quot;,&quot;ratio&quot;:&quot;16:9&quot;,&quot;min-height&quot;:&quot;540&quot;,&quot;autoplay&quot;:true,&quot;autoplay-interval&quot;:7000,&quot;pause-on-hover&quot;:false,&quot;velocity&quot;:1,&quot;finite&quot;:false}\">\n\t\t\t\t\t<ul class=\"bdt-slideshow-items\">\n\t\t\t\t\t\t\n            <li class=\"bdt-slideshow-item bdt-flex bdt-flex-row bdt-flex-middle elementor-repeater-item-63828de \">\n\n                    \n\t\t<div class=\"bdt-prime-slider-content\">\n\t\t\t<div class=\"bdt-prime-slider-desc\">\n\n\t\t\t\t\t\t\t\t\t<div class=\"bdt-sub-title\">\n\t\t\t\t\t\t<h4 class=\"bdt-sub-title-inner\" data-bdt-slideshow-parallax=\"y: 50,0,-50; opacity: 1,1,0\" data-reveal=\"reveal-active\">\n\t\t\t\t\t\t\tExhibit\t\t\t\t\t\t<\/h4>\n\t\t\t\t\t<\/div>\n\t\t\t\t\n\t\t\t\t\t\t\t\t\t<div class=\"bdt-main-title\">\n\t\t\t\t\t\t<h1 class=\"bdt-title-tag\" data-bdt-slideshow-parallax=\"y: 50,0,-50; opacity: 1,1,0\" data-reveal=\"reveal-active\">\n\t\t\t\t\t\t\t\t\t\t\t\t\t\t\t<span class=\"frist-word\">Visita<\/span> interattiva\t\t\t\t\t\t\t\t\t\t\t\t\t\t<\/h1>\n\t\t\t\t\t<\/div>\n\t\t\t\t\n\t\t\t\t\t\t\t\t\t<div class=\"bdt-slider-excerpt\" data-bdt-slideshow-parallax=\"y: 50,0,-50; opacity: 1,1,0\" data-reveal=\"reveal-active\">\n\t\t\t\t\t\t<p>Visita alle sale in completa autonomia. Non dimenticarti di provare i nuovi exhibit, inaugurati a luglio per i 20 anni del museo.<\/p>\t\t\t\t\t<\/div>\n\t\t\t\t\n\t\t\t\t<div class=\"bdt-button-wrapper\" data-bdt-slideshow-parallax=\"y: 150,0,-100; opacity: 1,1,0\">\n\t\t\t\t\t\n\t\t\t\t\t\t<\/div>\n\t\t\t\t\n\t\t\t<\/div>\n\t\t<\/div>\n\n        \n                    <div class=\"bdt-slide-image\" style=\"background-image: url('https:\/\/www.museodelbali.it\/wp-content\/uploads\/2024\/06\/WhatsApp-Image-2024-06-25-at-14.25.30.jpeg');\">\n                        \n                    <\/div>\n            <\/li>\n\n        \n            <li class=\"bdt-slideshow-item bdt-flex bdt-flex-row bdt-flex-middle elementor-repeater-item-83ffdc4 \">\n\n                    \n\t\t<div class=\"bdt-prime-slider-content\">\n\t\t\t<div class=\"bdt-prime-slider-desc\">\n\n\t\t\t\t\t\t\t\t\t<div class=\"bdt-sub-title\">\n\t\t\t\t\t\t<h4 class=\"bdt-sub-title-inner\" data-bdt-slideshow-parallax=\"y: 50,0,-50; opacity: 1,1,0\" data-reveal=\"reveal-active\">\n\t\t\t\t\t\t\tPlanetario digitale\t\t\t\t\t\t<\/h4>\n\t\t\t\t\t<\/div>\n\t\t\t\t\n\t\t\t\t\t\t\t\t\t<div class=\"bdt-main-title\">\n\t\t\t\t\t\t<h1 class=\"bdt-title-tag\" data-bdt-slideshow-parallax=\"y: 50,0,-50; opacity: 1,1,0\" data-reveal=\"reveal-active\">\n\t\t\t\t\t\t\t\t\t\t\t\t\t\t\t<span class=\"frist-word\">Il<\/span> cielo di stagione\t\t\t\t\t\t\t\t\t\t\t\t\t\t<\/h1>\n\t\t\t\t\t<\/div>\n\t\t\t\t\n\t\t\t\t\t\t\t\t\t<div class=\"bdt-slider-excerpt\" data-bdt-slideshow-parallax=\"y: 50,0,-50; opacity: 1,1,0\" data-reveal=\"reveal-active\">\n\t\t\t\t\t\t<p>Spettacolo ogni 30 minuti per imparare le principali costellazioni della stagione.\u00a0<\/p>\t\t\t\t\t<\/div>\n\t\t\t\t\n\t\t\t\t<div class=\"bdt-button-wrapper\" data-bdt-slideshow-parallax=\"y: 150,0,-100; opacity: 1,1,0\">\n\t\t\t\t\t\n\t\t\t\t\t\t<\/div>\n\t\t\t\t\n\t\t\t<\/div>\n\t\t<\/div>\n\n        \n                    <div class=\"bdt-slide-image\" style=\"background-image: url('https:\/\/www.museodelbali.it\/wp-content\/uploads\/2024\/09\/WSZ2062-rid.jpg');\">\n                        \n                    <\/div>\n            <\/li>\n\n        \n            <li class=\"bdt-slideshow-item bdt-flex bdt-flex-row bdt-flex-middle elementor-repeater-item-5ae3f8c \">\n\n                    \n\t\t<div class=\"bdt-prime-slider-content\">\n\t\t\t<div class=\"bdt-prime-slider-desc\">\n\n\t\t\t\t\t\t\t\t\t<div class=\"bdt-sub-title\">\n\t\t\t\t\t\t<h4 class=\"bdt-sub-title-inner\" data-bdt-slideshow-parallax=\"y: 50,0,-50; opacity: 1,1,0\" data-reveal=\"reveal-active\">\n\t\t\t\t\t\t\tMostra temporanea\t\t\t\t\t\t<\/h4>\n\t\t\t\t\t<\/div>\n\t\t\t\t\n\t\t\t\t\t\t\t\t\t<div class=\"bdt-main-title\">\n\t\t\t\t\t\t<h1 class=\"bdt-title-tag\" data-bdt-slideshow-parallax=\"y: 50,0,-50; opacity: 1,1,0\" data-reveal=\"reveal-active\">\n\t\t\t\t\t\t\t\t\t\t\t\t\t\t\t<span class=\"frist-word\">Spazio<\/span> al Sistema Solare\t\t\t\t\t\t\t\t\t\t\t\t\t\t<\/h1>\n\t\t\t\t\t<\/div>\n\t\t\t\t\n\t\t\t\t\t\t\t\t\t<div class=\"bdt-slider-excerpt\" data-bdt-slideshow-parallax=\"y: 50,0,-50; opacity: 1,1,0\" data-reveal=\"reveal-active\">\n\t\t\t\t\t\t<p>Percorso immersivo nell'ambiente Spazio in cui esplorerai i corpi celesti pi\u00f9 interessanti del Sistema Solare, interagendo con gli oggetti nelle sale e raccogliendo indizi per portare a termine una mini attivit\u00e0.<\/p>\t\t\t\t\t<\/div>\n\t\t\t\t\n\t\t\t\t<div class=\"bdt-button-wrapper\" data-bdt-slideshow-parallax=\"y: 150,0,-100; opacity: 1,1,0\">\n\t\t\t\t\t\n\t\t\t\t\t\t<\/div>\n\t\t\t\t\n\t\t\t<\/div>\n\t\t<\/div>\n\n        \n                    <div class=\"bdt-slide-image\" style=\"background-image: url('https:\/\/www.museodelbali.it\/wp-content\/uploads\/2024\/06\/WhatsApp-Image-2024-06-25-at-14.19.00.jpeg');\">\n                        \n                    <\/div>\n            <\/li>\n\n        \n            <li class=\"bdt-slideshow-item bdt-flex bdt-flex-row bdt-flex-middle elementor-repeater-item-6867a20 \">\n\n                    \n\t\t<div class=\"bdt-prime-slider-content\">\n\t\t\t<div class=\"bdt-prime-slider-desc\">\n\n\t\t\t\t\t\t\t\t\t<div class=\"bdt-sub-title\">\n\t\t\t\t\t\t<h4 class=\"bdt-sub-title-inner\" data-bdt-slideshow-parallax=\"y: 50,0,-50; opacity: 1,1,0\" data-reveal=\"reveal-active\">\n\t\t\t\t\t\t\tConferenza: 17 novembre, ore 16:30\t\t\t\t\t\t<\/h4>\n\t\t\t\t\t<\/div>\n\t\t\t\t\n\t\t\t\t\t\t\t\t\t<div class=\"bdt-main-title\">\n\t\t\t\t\t\t<h1 class=\"bdt-title-tag\" data-bdt-slideshow-parallax=\"y: 50,0,-50; opacity: 1,1,0\" data-reveal=\"reveal-active\">\n\t\t\t\t\t\t\t\t\t\t\t\t\t\t\t<span class=\"frist-word\">Cambiamenti<\/span> climatici e malattie\t\t\t\t\t\t\t\t\t\t\t\t\t\t<\/h1>\n\t\t\t\t\t<\/div>\n\t\t\t\t\n\t\t\t\t\t\t\t\t\t<div class=\"bdt-slider-excerpt\" data-bdt-slideshow-parallax=\"y: 50,0,-50; opacity: 1,1,0\" data-reveal=\"reveal-active\">\n\t\t\t\t\t\t<p>Negli ultimi anni l'aumento dei casi di malattie tropicali, come la dengue, ha sollevato preoccupazioni per la loro diffusione. I cambiamenti climatici giocano un ruolo importante in questa situazione. Scopriamo insieme come. Relatore: Prof. Luca Galluzzi.<\/p>\t\t\t\t\t<\/div>\n\t\t\t\t\n\t\t\t\t<div class=\"bdt-button-wrapper\" data-bdt-slideshow-parallax=\"y: 150,0,-100; opacity: 1,1,0\">\n\t\t\t\t\t\n\t\t\t\t\t\t<\/div>\n\t\t\t\t\n\t\t\t<\/div>\n\t\t<\/div>\n\n        \n                    <div class=\"bdt-slide-image\" style=\"background-image: url('https:\/\/www.museodelbali.it\/wp-content\/uploads\/2024\/10\/ambiente_salute_1-scaled.jpg');\">\n                        \n                    <\/div>\n            <\/li>\n\n        \n            <li class=\"bdt-slideshow-item bdt-flex bdt-flex-row bdt-flex-middle elementor-repeater-item-c4a89c3 \">\n\n                    \n\t\t<div class=\"bdt-prime-slider-content\">\n\t\t\t<div class=\"bdt-prime-slider-desc\">\n\n\t\t\t\t\t\t\t\t\t<div class=\"bdt-sub-title\">\n\t\t\t\t\t\t<h4 class=\"bdt-sub-title-inner\" data-bdt-slideshow-parallax=\"y: 50,0,-50; opacity: 1,1,0\" data-reveal=\"reveal-active\">\n\t\t\t\t\t\t\t<del>Conferenza: 1 dicembre 2024, ore 16:30<\/del>\t\t\t\t\t\t<\/h4>\n\t\t\t\t\t<\/div>\n\t\t\t\t\n\t\t\t\t\t\t\t\t\t<div class=\"bdt-main-title\">\n\t\t\t\t\t\t<h1 class=\"bdt-title-tag\" data-bdt-slideshow-parallax=\"y: 50,0,-50; opacity: 1,1,0\" data-reveal=\"reveal-active\">\n\t\t\t\t\t\t\t\t\t\t\t\t\t\t\t<span class=\"frist-word\"><del>Le<\/span> piante sono intelligenti?<\/del>\t\t\t\t\t\t\t\t\t\t\t\t\t\t<\/h1>\n\t\t\t\t\t<\/div>\n\t\t\t\t\n\t\t\t\t\t\t\t\t\t<div class=\"bdt-slider-excerpt\" data-bdt-slideshow-parallax=\"y: 50,0,-50; opacity: 1,1,0\" data-reveal=\"reveal-active\">\n\t\t\t\t\t\tCONFERENZA ANNULLATA\n<p><del datetime=\"2024-11-18T12:51:55+00:00\">Le piante sono esseri intelligenti? Sono in grado di risolvere problemi? Comunicano con l\u2019ambiente che le circonda? Cercheremo di rispondere insieme a queste domande per una nuova prospettiva sul mondo vegetale. Relatrice: Prof.ssa Barbara Citterio.<\/del>\t\t\t\t\t<\/div>\n\t\t\t\t\n\t\t\t\t<div class=\"bdt-button-wrapper\" data-bdt-slideshow-parallax=\"y: 150,0,-100; opacity: 1,1,0\">\n\t\t\t\t\t\n\t\t\t\t\t\t<\/div>\n\t\t\t\t\n\t\t\t<\/div>\n\t\t<\/div>\n\n        \n                    <div class=\"bdt-slide-image\" style=\"background-image: url('https:\/\/www.museodelbali.it\/wp-content\/uploads\/2024\/10\/IMG_20240702_183005-scaled.jpg');\">\n                        \n                    <\/div>\n            <\/li>\n\n        \n                <\/ul>\n\n                \n\t\t\t\t<div class=\"bdt-navigation-arrows reveal-muted\">\n\t\t\t<a class=\"bdt-prime-slider-previous\" href=\"#\" bdt-slidenav-previous bdt-slideshow-item=\"previous\"><\/a>\n\t\t\t<a class=\"bdt-prime-slider-next\" href=\"#\" bdt-slidenav-next bdt-slideshow-item=\"next\"><\/a>\n\t\t<\/div>\n\t\t\n\t\t                \n        \n\t\t\t<ul class=\"bdt-slideshow-nav bdt-dotnav reveal-muted\"><\/ul>\n\n        \n        \t\t\t\t\n\t\t\t<\/div>\n\t\t\t\t\t<\/div>\n\t\t<\/div>\n        \t\t\t\t<\/div>\n\t\t\t\t<\/div>\n\t\t\t\t<div class=\"elementor-element elementor-element-20840d7 elementor-widget-divider--view-line elementor-widget elementor-widget-divider\" data-id=\"20840d7\" data-element_type=\"widget\" data-e-type=\"widget\" data-settings=\"{&quot;architecturer_ext_is_mobile_menu&quot;:&quot;false&quot;,&quot;architecturer_ext_is_scrollme&quot;:&quot;false&quot;,&quot;architecturer_ext_is_smoove&quot;:&quot;false&quot;,&quot;architecturer_ext_is_parallax_mouse&quot;:&quot;false&quot;,&quot;architecturer_ext_is_infinite&quot;:&quot;false&quot;,&quot;architecturer_ext_is_fadeout_animation&quot;:&quot;false&quot;}\" data-widget_type=\"divider.default\">\n\t\t\t\t<div class=\"elementor-widget-container\">\n\t\t\t\t\t\t\t<div class=\"elementor-divider\">\n\t\t\t<span class=\"elementor-divider-separator\">\n\t\t\t\t\t\t<\/span>\n\t\t<\/div>\n\t\t\t\t\t\t<\/div>\n\t\t\t\t<\/div>\n\t\t\t\t<div class=\"elementor-element elementor-element-80d5237 elementor-widget elementor-widget-text-editor\" data-id=\"80d5237\" data-element_type=\"widget\" data-e-type=\"widget\" data-settings=\"{&quot;architecturer_ext_is_mobile_menu&quot;:&quot;false&quot;,&quot;architecturer_ext_is_scrollme&quot;:&quot;false&quot;,&quot;architecturer_ext_is_smoove&quot;:&quot;false&quot;,&quot;architecturer_ext_is_parallax_mouse&quot;:&quot;false&quot;,&quot;architecturer_ext_is_infinite&quot;:&quot;false&quot;,&quot;architecturer_ext_is_fadeout_animation&quot;:&quot;false&quot;}\" data-widget_type=\"text-editor.default\">\n\t\t\t\t<div class=\"elementor-widget-container\">\n\t\t\t\t\t\t\t\t\t<h4>PROGRAMMA PONTE DI OGNISSANTI<\/h4>\n<p>Nel biglietto &#8220;Museo + Planetario&#8221; sono comprese tutte queste attivit\u00e0:<\/p>\n\t\t\t\t\t\t\t\t<\/div>\n\t\t\t\t<\/div>\n\t\t\t\t<div class=\"elementor-element elementor-element-2eb29c3 bdt-ps-image-match-height--yes elementor-widget elementor-widget-prime-slider-sequester\" data-id=\"2eb29c3\" data-element_type=\"widget\" data-e-type=\"widget\" data-settings=\"{&quot;architecturer_ext_is_mobile_menu&quot;:&quot;false&quot;,&quot;architecturer_ext_is_scrollme&quot;:&quot;false&quot;,&quot;architecturer_ext_is_smoove&quot;:&quot;false&quot;,&quot;architecturer_ext_is_parallax_mouse&quot;:&quot;false&quot;,&quot;architecturer_ext_is_infinite&quot;:&quot;false&quot;,&quot;architecturer_ext_is_fadeout_animation&quot;:&quot;false&quot;}\" data-widget_type=\"prime-slider-sequester.default\">\n\t\t\t\t<div class=\"elementor-widget-container\">\n\t\t\t\t\t\t\t<div class=\"bdt-prime-slider\">\n\t\t\t<div class=\"bdt-prime-slider-sequester\">\n\t\t\t\t<div class=\"bdt-position-relative bdt-visible-toggle\" data-settings=\"{&quot;id&quot;:&quot;#bdt-2eb29c3&quot;,&quot;animation_status&quot;:&quot;no&quot;}\" id=\"bdt-2eb29c3\" bdt-slideshow=\"{&quot;animation&quot;:&quot;fade&quot;,&quot;ratio&quot;:&quot;16:9&quot;,&quot;min-height&quot;:&quot;540&quot;,&quot;autoplay&quot;:true,&quot;autoplay-interval&quot;:7000,&quot;pause-on-hover&quot;:false,&quot;velocity&quot;:1,&quot;finite&quot;:false}\">\n\t\t\t\t\t<ul class=\"bdt-slideshow-items\">\n\t\t\t\t\t\t\n            <li class=\"bdt-slideshow-item bdt-flex bdt-flex-row bdt-flex-middle elementor-repeater-item-63828de \">\n\n                    \n\t\t<div class=\"bdt-prime-slider-content\">\n\t\t\t<div class=\"bdt-prime-slider-desc\">\n\n\t\t\t\t\t\t\t\t\t<div class=\"bdt-sub-title\">\n\t\t\t\t\t\t<h4 class=\"bdt-sub-title-inner\" data-bdt-slideshow-parallax=\"y: 50,0,-50; opacity: 1,1,0\" data-reveal=\"reveal-active\">\n\t\t\t\t\t\t\tExhibit\t\t\t\t\t\t<\/h4>\n\t\t\t\t\t<\/div>\n\t\t\t\t\n\t\t\t\t\t\t\t\t\t<div class=\"bdt-main-title\">\n\t\t\t\t\t\t<h1 class=\"bdt-title-tag\" data-bdt-slideshow-parallax=\"y: 50,0,-50; opacity: 1,1,0\" data-reveal=\"reveal-active\">\n\t\t\t\t\t\t\t\t\t\t\t\t\t\t\t<span class=\"frist-word\">Visita<\/span> interattiva DA BRIVIDO\t\t\t\t\t\t\t\t\t\t\t\t\t\t<\/h1>\n\t\t\t\t\t<\/div>\n\t\t\t\t\n\t\t\t\t\t\t\t\t\t<div class=\"bdt-slider-excerpt\" data-bdt-slideshow-parallax=\"y: 50,0,-50; opacity: 1,1,0\" data-reveal=\"reveal-active\">\n\t\t\t\t\t\t<p>Visita alle sale in completa autonomia.<\/p><p>A fianco delle postazioni interattive troverai pannelli con curiosit\u00e0 \"scientifiche\" sulla paura e tutto ci\u00f2 che ne deriva a livello del sistema nervoso. Verranno spiegate anche alcune credenze della societ\u00e0 occidentale e qualche falso mito.\u00a0<\/p>\t\t\t\t\t<\/div>\n\t\t\t\t\n\t\t\t\t<div class=\"bdt-button-wrapper\" data-bdt-slideshow-parallax=\"y: 150,0,-100; opacity: 1,1,0\">\n\t\t\t\t\t\n\t\t\t\t\t\t<\/div>\n\t\t\t\t\n\t\t\t<\/div>\n\t\t<\/div>\n\n        \n                    <div class=\"bdt-slide-image\" style=\"background-image: url('https:\/\/www.museodelbali.it\/wp-content\/uploads\/2024\/10\/398227719_738265505005070_7129246367123948410_n.jpg');\">\n                        \n                    <\/div>\n            <\/li>\n\n        \n            <li class=\"bdt-slideshow-item bdt-flex bdt-flex-row bdt-flex-middle elementor-repeater-item-83ffdc4 \">\n\n                    \n\t\t<div class=\"bdt-prime-slider-content\">\n\t\t\t<div class=\"bdt-prime-slider-desc\">\n\n\t\t\t\t\t\t\t\t\t<div class=\"bdt-sub-title\">\n\t\t\t\t\t\t<h4 class=\"bdt-sub-title-inner\" data-bdt-slideshow-parallax=\"y: 50,0,-50; opacity: 1,1,0\" data-reveal=\"reveal-active\">\n\t\t\t\t\t\t\tPlanetario digitale\t\t\t\t\t\t<\/h4>\n\t\t\t\t\t<\/div>\n\t\t\t\t\n\t\t\t\t\t\t\t\t\t<div class=\"bdt-main-title\">\n\t\t\t\t\t\t<h1 class=\"bdt-title-tag\" data-bdt-slideshow-parallax=\"y: 50,0,-50; opacity: 1,1,0\" data-reveal=\"reveal-active\">\n\t\t\t\t\t\t\t\t\t\t\t\t\t\t\t<span class=\"frist-word\">Stelle<\/span> DA PAURA\t\t\t\t\t\t\t\t\t\t\t\t\t\t<\/h1>\n\t\t\t\t\t<\/div>\n\t\t\t\t\n\t\t\t\t\t\t\t\t\t<div class=\"bdt-slider-excerpt\" data-bdt-slideshow-parallax=\"y: 50,0,-50; opacity: 1,1,0\" data-reveal=\"reveal-active\">\n\t\t\t\t\t\t<p>Un viaggio tra gli oggetti pi\u00f9 terrificanti che si trovano nel Sistema Solare e nello Spazio profondo.\u00a0<\/p><p>Vincitore del premio come miglior planetario del 2021 dell'Associazione dei Planetari Italiani.<\/p><p>Ogni 30 minuti.<\/p>\t\t\t\t\t<\/div>\n\t\t\t\t\n\t\t\t\t<div class=\"bdt-button-wrapper\" data-bdt-slideshow-parallax=\"y: 150,0,-100; opacity: 1,1,0\">\n\t\t\t\t\t\n\t\t\t\t\t\t<\/div>\n\t\t\t\t\n\t\t\t<\/div>\n\t\t<\/div>\n\n        \n                    <div class=\"bdt-slide-image\" style=\"background-image: url('https:\/\/www.museodelbali.it\/wp-content\/uploads\/2024\/03\/STAR_WARS_163818605_WEB.jpg');\">\n                        \n                    <\/div>\n            <\/li>\n\n        \n            <li class=\"bdt-slideshow-item bdt-flex bdt-flex-row bdt-flex-middle elementor-repeater-item-5ae3f8c \">\n\n                    \n\t\t<div class=\"bdt-prime-slider-content\">\n\t\t\t<div class=\"bdt-prime-slider-desc\">\n\n\t\t\t\t\t\t\t\t\t<div class=\"bdt-sub-title\">\n\t\t\t\t\t\t<h4 class=\"bdt-sub-title-inner\" data-bdt-slideshow-parallax=\"y: 50,0,-50; opacity: 1,1,0\" data-reveal=\"reveal-active\">\n\t\t\t\t\t\t\tMostra temporanea\t\t\t\t\t\t<\/h4>\n\t\t\t\t\t<\/div>\n\t\t\t\t\n\t\t\t\t\t\t\t\t\t<div class=\"bdt-main-title\">\n\t\t\t\t\t\t<h1 class=\"bdt-title-tag\" data-bdt-slideshow-parallax=\"y: 50,0,-50; opacity: 1,1,0\" data-reveal=\"reveal-active\">\n\t\t\t\t\t\t\t\t\t\t\t\t\t\t\t<span class=\"frist-word\">Spazio<\/span> al Sistema Solare\t\t\t\t\t\t\t\t\t\t\t\t\t\t<\/h1>\n\t\t\t\t\t<\/div>\n\t\t\t\t\n\t\t\t\t\t\t\t\t\t<div class=\"bdt-slider-excerpt\" data-bdt-slideshow-parallax=\"y: 50,0,-50; opacity: 1,1,0\" data-reveal=\"reveal-active\">\n\t\t\t\t\t\t<p>Percorso immersivo nell'ambiente Spazio in cui esplorerai i corpi celesti pi\u00f9 interessanti del Sistema Solare, interagendo con gli oggetti nelle sale e raccogliendo indizi per portare a termine una mini attivit\u00e0.<\/p>\t\t\t\t\t<\/div>\n\t\t\t\t\n\t\t\t\t<div class=\"bdt-button-wrapper\" data-bdt-slideshow-parallax=\"y: 150,0,-100; opacity: 1,1,0\">\n\t\t\t\t\t\n\t\t\t\t\t\t<\/div>\n\t\t\t\t\n\t\t\t<\/div>\n\t\t<\/div>\n\n        \n                    <div class=\"bdt-slide-image\" style=\"background-image: url('https:\/\/www.museodelbali.it\/wp-content\/uploads\/2024\/06\/WhatsApp-Image-2024-06-25-at-14.19.00.jpeg');\">\n                        \n                    <\/div>\n            <\/li>\n\n        \n            <li class=\"bdt-slideshow-item bdt-flex bdt-flex-row bdt-flex-middle elementor-repeater-item-6867a20 \">\n\n                    \n\t\t<div class=\"bdt-prime-slider-content\">\n\t\t\t<div class=\"bdt-prime-slider-desc\">\n\n\t\t\t\t\t\t\t\t\t<div class=\"bdt-sub-title\">\n\t\t\t\t\t\t<h4 class=\"bdt-sub-title-inner\" data-bdt-slideshow-parallax=\"y: 50,0,-50; opacity: 1,1,0\" data-reveal=\"reveal-active\">\n\t\t\t\t\t\t\tAttivit\u00e0 extra\t\t\t\t\t\t<\/h4>\n\t\t\t\t\t<\/div>\n\t\t\t\t\n\t\t\t\t\t\t\t\t\t<div class=\"bdt-main-title\">\n\t\t\t\t\t\t<h1 class=\"bdt-title-tag\" data-bdt-slideshow-parallax=\"y: 50,0,-50; opacity: 1,1,0\" data-reveal=\"reveal-active\">\n\t\t\t\t\t\t\t\t\t\t\t\t\t\t\t<span class=\"frist-word\">Cartoline<\/span> SINISTRE\t\t\t\t\t\t\t\t\t\t\t\t\t\t<\/h1>\n\t\t\t\t\t<\/div>\n\t\t\t\t\n\t\t\t\t\t\t\t\t\t<div class=\"bdt-slider-excerpt\" data-bdt-slideshow-parallax=\"y: 50,0,-50; opacity: 1,1,0\" data-reveal=\"reveal-active\">\n\t\t\t\t\t\tApprofitta della tecnologia del green screen del museo e scatta la tua cartolina con sfondi a tema: il protagonista sei tu!<\/p>\n\t\t\t\t\t<\/div>\n\t\t\t\t\n\t\t\t\t<div class=\"bdt-button-wrapper\" data-bdt-slideshow-parallax=\"y: 150,0,-100; opacity: 1,1,0\">\n\t\t\t\t\t\n\t\t\t\t\t\t<\/div>\n\t\t\t\t\n\t\t\t<\/div>\n\t\t<\/div>\n\n        \n                    <div class=\"bdt-slide-image\" style=\"background-image: url('https:\/\/www.museodelbali.it\/wp-content\/uploads\/2024\/10\/Screenshot-2024-10-23-114418.png');\">\n                        \n                    <\/div>\n            <\/li>\n\n        \n            <li class=\"bdt-slideshow-item bdt-flex bdt-flex-row bdt-flex-middle elementor-repeater-item-c4a89c3 \">\n\n                    \n\t\t<div class=\"bdt-prime-slider-content\">\n\t\t\t<div class=\"bdt-prime-slider-desc\">\n\n\t\t\t\t\t\t\t\t\t<div class=\"bdt-sub-title\">\n\t\t\t\t\t\t<h4 class=\"bdt-sub-title-inner\" data-bdt-slideshow-parallax=\"y: 50,0,-50; opacity: 1,1,0\" data-reveal=\"reveal-active\">\n\t\t\t\t\t\t\tAttivit\u00e0 extra\t\t\t\t\t\t<\/h4>\n\t\t\t\t\t<\/div>\n\t\t\t\t\n\t\t\t\t\t\t\t\t\t<div class=\"bdt-main-title\">\n\t\t\t\t\t\t<h1 class=\"bdt-title-tag\" data-bdt-slideshow-parallax=\"y: 50,0,-50; opacity: 1,1,0\" data-reveal=\"reveal-active\">\n\t\t\t\t\t\t\t\t\t\t\t\t\t\t\t<span class=\"frist-word\">Caccia<\/span> di HALLOWEEN\t\t\t\t\t\t\t\t\t\t\t\t\t\t<\/h1>\n\t\t\t\t\t<\/div>\n\t\t\t\t\n\t\t\t\t\t\t\t\t\t<div class=\"bdt-slider-excerpt\" data-bdt-slideshow-parallax=\"y: 50,0,-50; opacity: 1,1,0\" data-reveal=\"reveal-active\">\n\t\t\t\t\t\t<p>Partecipa da solo o in gruppo a questa intrigante attivit\u00e0 che si sviluppa nelle sale del museo tra enigmi e indizi alla ricerca della parola misteriosa.<\/p><p>Chiedi informazioni all'ingresso. Per chi riuscir\u00e0 nell'ardua impresa, un simpatico gadget del Bal\u00ec!<\/p>\t\t\t\t\t<\/div>\n\t\t\t\t\n\t\t\t\t<div class=\"bdt-button-wrapper\" data-bdt-slideshow-parallax=\"y: 150,0,-100; opacity: 1,1,0\">\n\t\t\t\t\t\n\t\t\t\t\t\t<\/div>\n\t\t\t\t\n\t\t\t<\/div>\n\t\t<\/div>\n\n        \n                    <div class=\"bdt-slide-image\" style=\"background-image: url('https:\/\/www.museodelbali.it\/wp-content\/uploads\/2024\/10\/Screenshot-2024-10-23-115123.png');\">\n                        \n                    <\/div>\n            <\/li>\n\n        \n                <\/ul>\n\n                \n\t\t\t\t<div class=\"bdt-navigation-arrows reveal-muted\">\n\t\t\t<a class=\"bdt-prime-slider-previous\" href=\"#\" bdt-slidenav-previous bdt-slideshow-item=\"previous\"><\/a>\n\t\t\t<a class=\"bdt-prime-slider-next\" href=\"#\" bdt-slidenav-next bdt-slideshow-item=\"next\"><\/a>\n\t\t<\/div>\n\t\t\n\t\t                \n        \n\t\t\t<ul class=\"bdt-slideshow-nav bdt-dotnav reveal-muted\"><\/ul>\n\n        \n        \t\t\t\t\n\t\t\t<\/div>\n\t\t\t\t\t<\/div>\n\t\t<\/div>\n        \t\t\t\t<\/div>\n\t\t\t\t<\/div>\n\t\t\t\t<div class=\"elementor-element elementor-element-fe0e27e elementor-widget-divider--view-line elementor-widget elementor-widget-divider\" data-id=\"fe0e27e\" data-element_type=\"widget\" data-e-type=\"widget\" data-settings=\"{&quot;architecturer_ext_is_mobile_menu&quot;:&quot;false&quot;,&quot;architecturer_ext_is_scrollme&quot;:&quot;false&quot;,&quot;architecturer_ext_is_smoove&quot;:&quot;false&quot;,&quot;architecturer_ext_is_parallax_mouse&quot;:&quot;false&quot;,&quot;architecturer_ext_is_infinite&quot;:&quot;false&quot;,&quot;architecturer_ext_is_fadeout_animation&quot;:&quot;false&quot;}\" data-widget_type=\"divider.default\">\n\t\t\t\t<div class=\"elementor-widget-container\">\n\t\t\t\t\t\t\t<div class=\"elementor-divider\">\n\t\t\t<span class=\"elementor-divider-separator\">\n\t\t\t\t\t\t<\/span>\n\t\t<\/div>\n\t\t\t\t\t\t<\/div>\n\t\t\t\t<\/div>\n\t\t\t\t<div class=\"elementor-element elementor-element-d3e6ba3 elementor-widget elementor-widget-text-editor\" data-id=\"d3e6ba3\" data-element_type=\"widget\" data-e-type=\"widget\" data-settings=\"{&quot;architecturer_ext_is_mobile_menu&quot;:&quot;false&quot;,&quot;architecturer_ext_is_scrollme&quot;:&quot;false&quot;,&quot;architecturer_ext_is_smoove&quot;:&quot;false&quot;,&quot;architecturer_ext_is_parallax_mouse&quot;:&quot;false&quot;,&quot;architecturer_ext_is_infinite&quot;:&quot;false&quot;,&quot;architecturer_ext_is_fadeout_animation&quot;:&quot;false&quot;}\" data-widget_type=\"text-editor.default\">\n\t\t\t\t<div class=\"elementor-widget-container\">\n\t\t\t\t\t\t\t\t\t<h4>IL CAFFE&#8217; DEL BALI&#8217;<\/h4>\n<p>Non dimenticarti di mangiare: la scienza mette appetito!<br \/><span style=\"font-family: Roboto, sans-serif; font-size: 16px; font-style: normal; font-weight: 300;\">Il caff\u00e8 del Bal\u00ec \u00e8 a tua disposizione: scopri la proposta del museo.\u00a0<\/span><span style=\"font-family: Roboto, sans-serif; font-size: 16px; font-style: normal; font-weight: 300;\">La consumazione non \u00e8 compresa nel prezzo del biglietto di ingresso.<\/span><span style=\"font-family: Roboto, sans-serif; font-size: 16px; font-style: normal; font-weight: 300;\">\u00a0<\/span><span style=\"font-family: Roboto, sans-serif; font-size: 16px; font-style: normal;\">Ti ricordiamo che non \u00e8 attrezzato per proporre prodotti per celiaci e intolleranze alimentari.<\/span><\/p>\n<p><b>COCKTAIL DALLO SPAZIO<\/b><span style=\"font-family: Roboto, sans-serif; font-size: 16px; font-style: normal; font-weight: 300;\">: durante le aperture perch\u00e9 non vieni a provare i nostri cocktail speciali? Li abbiamo creati noi, li puoi trovare solo al museo!<\/span><\/p>\n\t\t\t\t\t\t\t\t<\/div>\n\t\t\t\t<\/div>\n\t\t\t\t<div class=\"elementor-element elementor-element-b65bf6b elementor-widget-divider--view-line elementor-widget elementor-widget-divider\" data-id=\"b65bf6b\" data-element_type=\"widget\" data-e-type=\"widget\" data-settings=\"{&quot;architecturer_ext_is_mobile_menu&quot;:&quot;false&quot;,&quot;architecturer_ext_is_scrollme&quot;:&quot;false&quot;,&quot;architecturer_ext_is_smoove&quot;:&quot;false&quot;,&quot;architecturer_ext_is_parallax_mouse&quot;:&quot;false&quot;,&quot;architecturer_ext_is_infinite&quot;:&quot;false&quot;,&quot;architecturer_ext_is_fadeout_animation&quot;:&quot;false&quot;}\" data-widget_type=\"divider.default\">\n\t\t\t\t<div class=\"elementor-widget-container\">\n\t\t\t\t\t\t\t<div class=\"elementor-divider\">\n\t\t\t<span class=\"elementor-divider-separator\">\n\t\t\t\t\t\t<\/span>\n\t\t<\/div>\n\t\t\t\t\t\t<\/div>\n\t\t\t\t<\/div>\n\t\t\t\t<div class=\"elementor-element elementor-element-886f27c elementor-widget elementor-widget-text-editor\" data-id=\"886f27c\" data-element_type=\"widget\" data-e-type=\"widget\" data-settings=\"{&quot;architecturer_ext_is_mobile_menu&quot;:&quot;false&quot;,&quot;architecturer_ext_is_scrollme&quot;:&quot;false&quot;,&quot;architecturer_ext_is_smoove&quot;:&quot;false&quot;,&quot;architecturer_ext_is_parallax_mouse&quot;:&quot;false&quot;,&quot;architecturer_ext_is_infinite&quot;:&quot;false&quot;,&quot;architecturer_ext_is_fadeout_animation&quot;:&quot;false&quot;}\" data-widget_type=\"text-editor.default\">\n\t\t\t\t<div class=\"elementor-widget-container\">\n\t\t\t\t\t\t\t\t\t<h4>PRENOTAZIONE E TARIFFE<\/h4>\n<p style=\"font-weight: 300; font-style: normal; font-size: 16px; font-family: Roboto, sans-serif;\">Come sempre non \u00e8 obbligatorio prenotare dal sito,\u00a0<strong>MA NON SAREMO IN GRADO DI GARANTIRE L\u2019ACCESSO AI NON PRENOTATI,\u00a0<\/strong><span style=\"font-family: Roboto, sans-serif; font-size: 16px; font-style: normal; font-weight: 300;\">soprattutto in giornate di grande affluenza<\/span><span style=\"font-family: Roboto, sans-serif; font-size: 16px; font-style: normal; font-weight: 300;\">. Gli ingressi sono ogni mezz\u2019ora per rispettare la capienza delle sale e del planetario; per poterti organizzare al meglio considera una permanenza media di 2 ore. Il parco antistante \u00e8 pubblico e di libero accesso, mentre il cortile attrezzato sul retro \u00e8 ad uso dei clienti del bar.<\/span><\/p>\n<p style=\"font-weight: 300; font-style: normal; font-size: 16px; font-family: Roboto, sans-serif;\">Dal sito \u00e8 possibile acquistare l\u2019ingresso selezionando il biglietto &#8220;Museo + Planetario&#8221;. Le conferenze sono gratuite per tutti i visitatori del museo.\u00a0<span style=\"font-size: 16px;\">\u00a0 \u00a0<\/span><\/p>\n<div><strong>Interi:<\/strong><span style=\"font-family: Roboto, sans-serif; font-size: 16px; font-style: normal; font-weight: 300;\">\u00a012 euro.<br \/><\/span><strong>Convenzionati:<\/strong><span style=\"font-family: Roboto, sans-serif; font-size: 16px; font-style: normal;\">\u00a010 euro over 65 anni, tutte le realt\u00e0 indicate nella pagina convenzioni<br \/><\/span><strong>Junior:<\/strong><span style=\"font-family: Roboto, sans-serif; font-size: 16px; font-style: normal;\">\u00a07 euro per bambini e ragazzi dai 6 agli 17 anni<br \/><\/span><strong>Gratuit\u00e0:<\/strong><span style=\"font-family: Roboto, sans-serif; font-size: 16px; font-style: normal; font-weight: 300;\">\u00a0bambini da 0 a 5 anni, insegnanti<\/span><\/div>\n<p style=\"font-weight: 300; font-style: normal; font-size: 16px; font-family: Roboto, sans-serif;\">Le tariffe non includono i servizi del punto ristoro interno.<\/p>\n<p style=\"font-weight: 300; font-style: normal; font-size: 16px; font-family: Roboto, sans-serif;\">\u00a0<\/p>\n<p>\u00a0<\/p>\n\t\t\t\t\t\t\t\t<\/div>\n\t\t\t\t<\/div>\n\t\t\t\t\t<\/div>\n\t\t<\/div>\n\t\t\t\t\t<\/div>\n\t\t<\/section>\n\t\t\t\t<section class=\"elementor-section elementor-top-section elementor-element elementor-element-91f92d9 animated-fast elementor-section-boxed elementor-section-height-default elementor-section-height-default elementor-invisible\" data-id=\"91f92d9\" data-element_type=\"section\" data-e-type=\"section\" data-settings=\"{&quot;animation&quot;:&quot;fadeInUp&quot;,&quot;architecturer_ext_is_background_parallax&quot;:&quot;false&quot;,&quot;architecturer_ext_is_background_on_scroll&quot;:&quot;false&quot;}\">\n\t\t\t\t\t\t<div class=\"elementor-container elementor-column-gap-default\">\n\t\t\t\t\t<div class=\"elementor-column elementor-col-25 elementor-top-column elementor-element elementor-element-235b9a3\" data-id=\"235b9a3\" data-element_type=\"column\" data-e-type=\"column\" data-settings=\"{&quot;architecturer_ext_is_mobile_menu&quot;:&quot;false&quot;,&quot;architecturer_ext_is_scrollme&quot;:&quot;false&quot;,&quot;architecturer_ext_is_smoove&quot;:&quot;false&quot;,&quot;architecturer_ext_is_parallax_mouse&quot;:&quot;false&quot;,&quot;architecturer_ext_is_infinite&quot;:&quot;false&quot;,&quot;architecturer_ext_is_fadeout_animation&quot;:&quot;false&quot;}\">\n\t\t\t<div class=\"elementor-widget-wrap elementor-element-populated\">\n\t\t\t\t\t\t<div class=\"elementor-element elementor-element-c675eb2 elementor-align-left elementor-widget elementor-widget-button\" data-id=\"c675eb2\" data-element_type=\"widget\" data-e-type=\"widget\" data-settings=\"{&quot;architecturer_ext_is_mobile_menu&quot;:&quot;false&quot;,&quot;architecturer_ext_is_scrollme&quot;:&quot;false&quot;,&quot;architecturer_ext_is_smoove&quot;:&quot;false&quot;,&quot;architecturer_ext_is_parallax_mouse&quot;:&quot;false&quot;,&quot;architecturer_ext_is_infinite&quot;:&quot;false&quot;,&quot;architecturer_ext_is_fadeout_animation&quot;:&quot;false&quot;}\" data-widget_type=\"button.default\">\n\t\t\t\t<div class=\"elementor-widget-container\">\n\t\t\t\t\t\t\t\t\t<div class=\"elementor-button-wrapper\">\n\t\t\t\t\t<a class=\"elementor-button elementor-button-link elementor-size-md\" href=\"https:\/\/www.museodelbali.it\/en\/plan-your-visit\/tickets-and-opening-hours\/\" id=\"btn_cta_buy_ticket\">\n\t\t\t\t\t\t<span class=\"elementor-button-content-wrapper\">\n\t\t\t\t\t\t\t\t\t<span class=\"elementor-button-text\">ACQUISTA BIGLIETTI<\/span>\n\t\t\t\t\t<\/span>\n\t\t\t\t\t<\/a>\n\t\t\t\t<\/div>\n\t\t\t\t\t\t\t\t<\/div>\n\t\t\t\t<\/div>\n\t\t\t\t\t<\/div>\n\t\t<\/div>\n\t\t\t\t<div class=\"elementor-column elementor-col-25 elementor-top-column elementor-element elementor-element-c52a9f7\" data-id=\"c52a9f7\" data-element_type=\"column\" data-e-type=\"column\" data-settings=\"{&quot;architecturer_ext_is_mobile_menu&quot;:&quot;false&quot;,&quot;architecturer_ext_is_scrollme&quot;:&quot;false&quot;,&quot;architecturer_ext_is_smoove&quot;:&quot;false&quot;,&quot;architecturer_ext_is_parallax_mouse&quot;:&quot;false&quot;,&quot;architecturer_ext_is_infinite&quot;:&quot;false&quot;,&quot;architecturer_ext_is_fadeout_animation&quot;:&quot;false&quot;}\">\n\t\t\t<div class=\"elementor-widget-wrap elementor-element-populated\">\n\t\t\t\t\t\t<div class=\"elementor-element elementor-element-102f0f8 elementor-align-center elementor-widget elementor-widget-button\" data-id=\"102f0f8\" data-element_type=\"widget\" data-e-type=\"widget\" data-settings=\"{&quot;architecturer_ext_is_mobile_menu&quot;:&quot;false&quot;,&quot;architecturer_ext_is_scrollme&quot;:&quot;false&quot;,&quot;architecturer_ext_is_smoove&quot;:&quot;false&quot;,&quot;architecturer_ext_is_parallax_mouse&quot;:&quot;false&quot;,&quot;architecturer_ext_is_infinite&quot;:&quot;false&quot;,&quot;architecturer_ext_is_fadeout_animation&quot;:&quot;false&quot;}\" data-widget_type=\"button.default\">\n\t\t\t\t<div class=\"elementor-widget-container\">\n\t\t\t\t\t\t\t\t\t<div class=\"elementor-button-wrapper\">\n\t\t\t\t\t<a class=\"elementor-button elementor-button-link elementor-size-md\" href=\"https:\/\/www.museodelbali.it\/caffe-del-bali\/\">\n\t\t\t\t\t\t<span class=\"elementor-button-content-wrapper\">\n\t\t\t\t\t\t\t\t\t<span class=\"elementor-button-text\">GUARDA IL MENU DEL BAR<\/span>\n\t\t\t\t\t<\/span>\n\t\t\t\t\t<\/a>\n\t\t\t\t<\/div>\n\t\t\t\t\t\t\t\t<\/div>\n\t\t\t\t<\/div>\n\t\t\t\t\t<\/div>\n\t\t<\/div>\n\t\t\t\t<div class=\"elementor-column elementor-col-25 elementor-top-column elementor-element elementor-element-9cce601\" data-id=\"9cce601\" data-element_type=\"column\" data-e-type=\"column\" data-settings=\"{&quot;architecturer_ext_is_mobile_menu&quot;:&quot;false&quot;,&quot;architecturer_ext_is_scrollme&quot;:&quot;false&quot;,&quot;architecturer_ext_is_smoove&quot;:&quot;false&quot;,&quot;architecturer_ext_is_parallax_mouse&quot;:&quot;false&quot;,&quot;architecturer_ext_is_infinite&quot;:&quot;false&quot;,&quot;architecturer_ext_is_fadeout_animation&quot;:&quot;false&quot;}\">\n\t\t\t<div class=\"elementor-widget-wrap\">\n\t\t\t\t\t\t\t<\/div>\n\t\t<\/div>\n\t\t\t\t<div class=\"elementor-column elementor-col-25 elementor-top-column elementor-element elementor-element-0e941b1\" data-id=\"0e941b1\" data-element_type=\"column\" data-e-type=\"column\" data-settings=\"{&quot;architecturer_ext_is_mobile_menu&quot;:&quot;false&quot;,&quot;architecturer_ext_is_scrollme&quot;:&quot;false&quot;,&quot;architecturer_ext_is_smoove&quot;:&quot;false&quot;,&quot;architecturer_ext_is_parallax_mouse&quot;:&quot;false&quot;,&quot;architecturer_ext_is_infinite&quot;:&quot;false&quot;,&quot;architecturer_ext_is_fadeout_animation&quot;:&quot;false&quot;}\">\n\t\t\t<div class=\"elementor-widget-wrap\">\n\t\t\t\t\t\t\t<\/div>\n\t\t<\/div>\n\t\t\t\t\t<\/div>\n\t\t<\/section>\n\t\t\t\t<\/div>\n\t\t","protected":false},"excerpt":{"rendered":"<p>Un posto originale per la classica scampagnata dei ponti<\/p>\n<p>Il Museo del Bal\u00ec si organizza per aprire ai suoi visitatori anche durante i ponti e le festivit\u00e0 di primavera.<\/p>\n<p>Un&#8217;occasione per stare in compagnia e godersi oltre la spettacolare location, ideale per un pic-nic, anche le numerose attivit\u00e0 proposte dal museo: sfide a colpi di enigmi e labirinti scientifici, laboratorio di costruzione e, naturalmente, i suggestivi spettacoli al planetario e la divertente visita interattive alle sale.<\/p>\n","protected":false},"author":4,"featured_media":14246,"comment_status":"closed","ping_status":"closed","sticky":false,"template":"","format":"standard","meta":{"footnotes":""},"categories":[55],"tags":[],"class_list":["post-14236","post","type-post","status-publish","format-standard","has-post-thumbnail","hentry","category-events-and-openings"],"yoast_head":"<!-- This site is optimized with the Yoast SEO plugin v27.5 - https:\/\/yoast.com\/product\/yoast-seo-wordpress\/ -->\n<title>Museo del Bal\u00ec | A shooting star, a granted wish<\/title>\n<meta name=\"description\" content=\"Special openings for the Perseids, the best meteor shower ever!\" \/>\n<meta name=\"robots\" content=\"index, follow, max-snippet:-1, max-image-preview:large, max-video-preview:-1\" \/>\n<link rel=\"canonical\" href=\"https:\/\/www.museodelbali.it\/dicembre-2024-sotto-lalbero-al-museo\/\" \/>\n<meta property=\"og:locale\" content=\"en_US\" \/>\n<meta property=\"og:type\" content=\"article\" \/>\n<meta property=\"og:title\" content=\"Museo del Bal\u00ec | Pic-Nic under the Stars Evenings at the Telescope\" \/>\n<meta property=\"og:description\" content=\"During the months of June and July, the museum organizes evenings dedicated to astronomy and observing the sky through the observatory&#039;s telescopes.\" \/>\n<meta property=\"og:url\" content=\"https:\/\/www.museodelbali.it\/dicembre-2024-sotto-lalbero-al-museo\/\" \/>\n<meta property=\"og:site_name\" content=\"Museo Bali - In pratica la Scienza\" \/>\n<meta property=\"article:publisher\" content=\"https:\/\/www.facebook.com\/museodelbali\" \/>\n<meta property=\"article:published_time\" content=\"2024-12-04T14:06:21+00:00\" \/>\n<meta property=\"article:modified_time\" content=\"2024-12-04T14:38:30+00:00\" \/>\n<meta property=\"og:image\" content=\"https:\/\/www.museodelbali.it\/wp-content\/uploads\/2023\/06\/Museo_bali_picnic2023.jpg\" \/>\n\t<meta property=\"og:image:width\" content=\"2048\" \/>\n\t<meta property=\"og:image:height\" content=\"1366\" \/>\n\t<meta property=\"og:image:type\" content=\"image\/jpeg\" \/>\n<meta name=\"author\" content=\"Francesca Cavallotti\" \/>\n<meta name=\"twitter:card\" content=\"summary_large_image\" \/>\n<meta name=\"twitter:title\" content=\"Museo del Bal\u00ec | Pic-Nic under the Stars Evenings at the Telescope\" \/>\n<meta name=\"twitter:description\" content=\"During the months of June and July, the museum organizes evenings dedicated to astronomy and observing the sky through the observatory&#039;s telescopes.\" \/>\n<meta name=\"twitter:image\" content=\"https:\/\/www.museodelbali.it\/wp-content\/uploads\/2023\/06\/Museo_bali_picnic2023.jpg\" \/>\n<meta name=\"twitter:label1\" content=\"Written by\" \/>\n\t<meta name=\"twitter:data1\" content=\"Francesca Cavallotti\" \/>\n\t<meta name=\"twitter:label2\" content=\"Est. reading time\" \/>\n\t<meta name=\"twitter:data2\" content=\"2 minutes\" \/>\n<script type=\"application\/ld+json\" class=\"yoast-schema-graph\">{\"@context\":\"https:\\\/\\\/schema.org\",\"@graph\":[{\"@type\":\"Article\",\"@id\":\"https:\\\/\\\/www.museodelbali.it\\\/dicembre-2024-sotto-lalbero-al-museo\\\/#article\",\"isPartOf\":{\"@id\":\"https:\\\/\\\/www.museodelbali.it\\\/dicembre-2024-sotto-lalbero-al-museo\\\/\"},\"author\":{\"name\":\"Francesca Cavallotti\",\"@id\":\"https:\\\/\\\/www.museodelbali.it\\\/#\\\/schema\\\/person\\\/5dc547e8a7f9eca6fe21856a39287e81\"},\"headline\":\"A shooting star, a granted wish!\",\"datePublished\":\"2024-12-04T14:06:21+00:00\",\"dateModified\":\"2024-12-04T14:38:30+00:00\",\"mainEntityOfPage\":{\"@id\":\"https:\\\/\\\/www.museodelbali.it\\\/dicembre-2024-sotto-lalbero-al-museo\\\/\"},\"wordCount\":796,\"publisher\":{\"@id\":\"https:\\\/\\\/www.museodelbali.it\\\/#organization\"},\"image\":{\"@id\":\"https:\\\/\\\/www.museodelbali.it\\\/dicembre-2024-sotto-lalbero-al-museo\\\/#primaryimage\"},\"thumbnailUrl\":\"https:\\\/\\\/www.museodelbali.it\\\/wp-content\\\/uploads\\\/2024\\\/12\\\/261463694_10158630784565933_3790296690170362021_n.jpg\",\"articleSection\":[\"Events and Openings\"],\"inLanguage\":\"en-US\"},{\"@type\":\"WebPage\",\"@id\":\"https:\\\/\\\/www.museodelbali.it\\\/dicembre-2024-sotto-lalbero-al-museo\\\/\",\"url\":\"https:\\\/\\\/www.museodelbali.it\\\/dicembre-2024-sotto-lalbero-al-museo\\\/\",\"name\":\"Museo del Bal\u00ec | A shooting star, a granted wish\",\"isPartOf\":{\"@id\":\"https:\\\/\\\/www.museodelbali.it\\\/#website\"},\"primaryImageOfPage\":{\"@id\":\"https:\\\/\\\/www.museodelbali.it\\\/dicembre-2024-sotto-lalbero-al-museo\\\/#primaryimage\"},\"image\":{\"@id\":\"https:\\\/\\\/www.museodelbali.it\\\/dicembre-2024-sotto-lalbero-al-museo\\\/#primaryimage\"},\"thumbnailUrl\":\"https:\\\/\\\/www.museodelbali.it\\\/wp-content\\\/uploads\\\/2024\\\/12\\\/261463694_10158630784565933_3790296690170362021_n.jpg\",\"datePublished\":\"2024-12-04T14:06:21+00:00\",\"dateModified\":\"2024-12-04T14:38:30+00:00\",\"description\":\"Special openings for the Perseids, the best meteor shower ever!\",\"breadcrumb\":{\"@id\":\"https:\\\/\\\/www.museodelbali.it\\\/dicembre-2024-sotto-lalbero-al-museo\\\/#breadcrumb\"},\"inLanguage\":\"en-US\",\"potentialAction\":[{\"@type\":\"ReadAction\",\"target\":[\"https:\\\/\\\/www.museodelbali.it\\\/dicembre-2024-sotto-lalbero-al-museo\\\/\"]}]},{\"@type\":\"ImageObject\",\"inLanguage\":\"en-US\",\"@id\":\"https:\\\/\\\/www.museodelbali.it\\\/dicembre-2024-sotto-lalbero-al-museo\\\/#primaryimage\",\"url\":\"https:\\\/\\\/www.museodelbali.it\\\/wp-content\\\/uploads\\\/2024\\\/12\\\/261463694_10158630784565933_3790296690170362021_n.jpg\",\"contentUrl\":\"https:\\\/\\\/www.museodelbali.it\\\/wp-content\\\/uploads\\\/2024\\\/12\\\/261463694_10158630784565933_3790296690170362021_n.jpg\",\"width\":1920,\"height\":1920},{\"@type\":\"BreadcrumbList\",\"@id\":\"https:\\\/\\\/www.museodelbali.it\\\/dicembre-2024-sotto-lalbero-al-museo\\\/#breadcrumb\",\"itemListElement\":[{\"@type\":\"ListItem\",\"position\":1,\"name\":\"Home\",\"item\":\"https:\\\/\\\/www.museodelbali.it\\\/\"},{\"@type\":\"ListItem\",\"position\":2,\"name\":\"A shooting star, a granted wish!\"}]},{\"@type\":\"WebSite\",\"@id\":\"https:\\\/\\\/www.museodelbali.it\\\/#website\",\"url\":\"https:\\\/\\\/www.museodelbali.it\\\/\",\"name\":\"Museo Bali - In pratica la Scienza\",\"description\":\"In pratica la Scienza\",\"publisher\":{\"@id\":\"https:\\\/\\\/www.museodelbali.it\\\/#organization\"},\"potentialAction\":[{\"@type\":\"SearchAction\",\"target\":{\"@type\":\"EntryPoint\",\"urlTemplate\":\"https:\\\/\\\/www.museodelbali.it\\\/?s={search_term_string}\"},\"query-input\":{\"@type\":\"PropertyValueSpecification\",\"valueRequired\":true,\"valueName\":\"search_term_string\"}}],\"inLanguage\":\"en-US\"},{\"@type\":\"Organization\",\"@id\":\"https:\\\/\\\/www.museodelbali.it\\\/#organization\",\"name\":\"Fondazione \\\"Villa del Bal\u00ec\\\"\",\"url\":\"https:\\\/\\\/www.museodelbali.it\\\/\",\"logo\":{\"@type\":\"ImageObject\",\"inLanguage\":\"en-US\",\"@id\":\"https:\\\/\\\/www.museodelbali.it\\\/#\\\/schema\\\/logo\\\/image\\\/\",\"url\":\"https:\\\/\\\/www.museodelbali.it\\\/wp-content\\\/uploads\\\/2023\\\/03\\\/MusedelBali_logo_pos_vert.png\",\"contentUrl\":\"https:\\\/\\\/www.museodelbali.it\\\/wp-content\\\/uploads\\\/2023\\\/03\\\/MusedelBali_logo_pos_vert.png\",\"width\":348,\"height\":600,\"caption\":\"Fondazione \\\"Villa del Bal\u00ec\\\"\"},\"image\":{\"@id\":\"https:\\\/\\\/www.museodelbali.it\\\/#\\\/schema\\\/logo\\\/image\\\/\"},\"sameAs\":[\"https:\\\/\\\/www.facebook.com\\\/museodelbali\",\"https:\\\/\\\/www.instagram.com\\\/museodelbali\\\/\",\"https:\\\/\\\/www.youtube.com\\\/user\\\/museodelbali\"]},{\"@type\":\"Person\",\"@id\":\"https:\\\/\\\/www.museodelbali.it\\\/#\\\/schema\\\/person\\\/5dc547e8a7f9eca6fe21856a39287e81\",\"name\":\"Francesca Cavallotti\",\"image\":{\"@type\":\"ImageObject\",\"inLanguage\":\"en-US\",\"@id\":\"https:\\\/\\\/secure.gravatar.com\\\/avatar\\\/c38ee18101ce8449ee75cdcf267fcf51ed0a11ce7eccaf55098cb36964ad8a78?s=96&d=mm&r=g\",\"url\":\"https:\\\/\\\/secure.gravatar.com\\\/avatar\\\/c38ee18101ce8449ee75cdcf267fcf51ed0a11ce7eccaf55098cb36964ad8a78?s=96&d=mm&r=g\",\"contentUrl\":\"https:\\\/\\\/secure.gravatar.com\\\/avatar\\\/c38ee18101ce8449ee75cdcf267fcf51ed0a11ce7eccaf55098cb36964ad8a78?s=96&d=mm&r=g\",\"caption\":\"Francesca Cavallotti\"},\"sameAs\":[\"Francesca\"]}]}<\/script>\n<!-- \/ Yoast SEO plugin. -->","yoast_head_json":{"title":"Museo del Bal\u00ec | A shooting star, a granted wish","description":"Special openings for the Perseids, the best meteor shower ever!","robots":{"index":"index","follow":"follow","max-snippet":"max-snippet:-1","max-image-preview":"max-image-preview:large","max-video-preview":"max-video-preview:-1"},"canonical":"https:\/\/www.museodelbali.it\/dicembre-2024-sotto-lalbero-al-museo\/","og_locale":"en_US","og_type":"article","og_title":"Museo del Bal\u00ec | Pic-Nic under the Stars Evenings at the Telescope","og_description":"During the months of June and July, the museum organizes evenings dedicated to astronomy and observing the sky through the observatory's telescopes.","og_url":"https:\/\/www.museodelbali.it\/dicembre-2024-sotto-lalbero-al-museo\/","og_site_name":"Museo Bali - In pratica la Scienza","article_publisher":"https:\/\/www.facebook.com\/museodelbali","article_published_time":"2024-12-04T14:06:21+00:00","article_modified_time":"2024-12-04T14:38:30+00:00","og_image":[{"width":2048,"height":1366,"url":"https:\/\/www.museodelbali.it\/wp-content\/uploads\/2023\/06\/Museo_bali_picnic2023.jpg","type":"image\/jpeg"}],"author":"Francesca Cavallotti","twitter_card":"summary_large_image","twitter_title":"Museo del Bal\u00ec | Pic-Nic under the Stars Evenings at the Telescope","twitter_description":"During the months of June and July, the museum organizes evenings dedicated to astronomy and observing the sky through the observatory's telescopes.","twitter_image":"https:\/\/www.museodelbali.it\/wp-content\/uploads\/2023\/06\/Museo_bali_picnic2023.jpg","twitter_misc":{"Written by":"Francesca Cavallotti","Est. reading time":"2 minutes"},"schema":{"@context":"https:\/\/schema.org","@graph":[{"@type":"Article","@id":"https:\/\/www.museodelbali.it\/dicembre-2024-sotto-lalbero-al-museo\/#article","isPartOf":{"@id":"https:\/\/www.museodelbali.it\/dicembre-2024-sotto-lalbero-al-museo\/"},"author":{"name":"Francesca Cavallotti","@id":"https:\/\/www.museodelbali.it\/#\/schema\/person\/5dc547e8a7f9eca6fe21856a39287e81"},"headline":"A shooting star, a granted wish!","datePublished":"2024-12-04T14:06:21+00:00","dateModified":"2024-12-04T14:38:30+00:00","mainEntityOfPage":{"@id":"https:\/\/www.museodelbali.it\/dicembre-2024-sotto-lalbero-al-museo\/"},"wordCount":796,"publisher":{"@id":"https:\/\/www.museodelbali.it\/#organization"},"image":{"@id":"https:\/\/www.museodelbali.it\/dicembre-2024-sotto-lalbero-al-museo\/#primaryimage"},"thumbnailUrl":"https:\/\/www.museodelbali.it\/wp-content\/uploads\/2024\/12\/261463694_10158630784565933_3790296690170362021_n.jpg","articleSection":["Events and Openings"],"inLanguage":"en-US"},{"@type":"WebPage","@id":"https:\/\/www.museodelbali.it\/dicembre-2024-sotto-lalbero-al-museo\/","url":"https:\/\/www.museodelbali.it\/dicembre-2024-sotto-lalbero-al-museo\/","name":"Museo del Bal\u00ec | A shooting star, a granted wish","isPartOf":{"@id":"https:\/\/www.museodelbali.it\/#website"},"primaryImageOfPage":{"@id":"https:\/\/www.museodelbali.it\/dicembre-2024-sotto-lalbero-al-museo\/#primaryimage"},"image":{"@id":"https:\/\/www.museodelbali.it\/dicembre-2024-sotto-lalbero-al-museo\/#primaryimage"},"thumbnailUrl":"https:\/\/www.museodelbali.it\/wp-content\/uploads\/2024\/12\/261463694_10158630784565933_3790296690170362021_n.jpg","datePublished":"2024-12-04T14:06:21+00:00","dateModified":"2024-12-04T14:38:30+00:00","description":"Special openings for the Perseids, the best meteor shower ever!","breadcrumb":{"@id":"https:\/\/www.museodelbali.it\/dicembre-2024-sotto-lalbero-al-museo\/#breadcrumb"},"inLanguage":"en-US","potentialAction":[{"@type":"ReadAction","target":["https:\/\/www.museodelbali.it\/dicembre-2024-sotto-lalbero-al-museo\/"]}]},{"@type":"ImageObject","inLanguage":"en-US","@id":"https:\/\/www.museodelbali.it\/dicembre-2024-sotto-lalbero-al-museo\/#primaryimage","url":"https:\/\/www.museodelbali.it\/wp-content\/uploads\/2024\/12\/261463694_10158630784565933_3790296690170362021_n.jpg","contentUrl":"https:\/\/www.museodelbali.it\/wp-content\/uploads\/2024\/12\/261463694_10158630784565933_3790296690170362021_n.jpg","width":1920,"height":1920},{"@type":"BreadcrumbList","@id":"https:\/\/www.museodelbali.it\/dicembre-2024-sotto-lalbero-al-museo\/#breadcrumb","itemListElement":[{"@type":"ListItem","position":1,"name":"Home","item":"https:\/\/www.museodelbali.it\/"},{"@type":"ListItem","position":2,"name":"A shooting star, a granted wish!"}]},{"@type":"WebSite","@id":"https:\/\/www.museodelbali.it\/#website","url":"https:\/\/www.museodelbali.it\/","name":"Museo Bali - In pratica la Scienza","description":"In pratica la Scienza","publisher":{"@id":"https:\/\/www.museodelbali.it\/#organization"},"potentialAction":[{"@type":"SearchAction","target":{"@type":"EntryPoint","urlTemplate":"https:\/\/www.museodelbali.it\/?s={search_term_string}"},"query-input":{"@type":"PropertyValueSpecification","valueRequired":true,"valueName":"search_term_string"}}],"inLanguage":"en-US"},{"@type":"Organization","@id":"https:\/\/www.museodelbali.it\/#organization","name":"Fondazione \"Villa del Bal\u00ec\"","url":"https:\/\/www.museodelbali.it\/","logo":{"@type":"ImageObject","inLanguage":"en-US","@id":"https:\/\/www.museodelbali.it\/#\/schema\/logo\/image\/","url":"https:\/\/www.museodelbali.it\/wp-content\/uploads\/2023\/03\/MusedelBali_logo_pos_vert.png","contentUrl":"https:\/\/www.museodelbali.it\/wp-content\/uploads\/2023\/03\/MusedelBali_logo_pos_vert.png","width":348,"height":600,"caption":"Fondazione \"Villa del Bal\u00ec\""},"image":{"@id":"https:\/\/www.museodelbali.it\/#\/schema\/logo\/image\/"},"sameAs":["https:\/\/www.facebook.com\/museodelbali","https:\/\/www.instagram.com\/museodelbali\/","https:\/\/www.youtube.com\/user\/museodelbali"]},{"@type":"Person","@id":"https:\/\/www.museodelbali.it\/#\/schema\/person\/5dc547e8a7f9eca6fe21856a39287e81","name":"Francesca Cavallotti","image":{"@type":"ImageObject","inLanguage":"en-US","@id":"https:\/\/secure.gravatar.com\/avatar\/c38ee18101ce8449ee75cdcf267fcf51ed0a11ce7eccaf55098cb36964ad8a78?s=96&d=mm&r=g","url":"https:\/\/secure.gravatar.com\/avatar\/c38ee18101ce8449ee75cdcf267fcf51ed0a11ce7eccaf55098cb36964ad8a78?s=96&d=mm&r=g","contentUrl":"https:\/\/secure.gravatar.com\/avatar\/c38ee18101ce8449ee75cdcf267fcf51ed0a11ce7eccaf55098cb36964ad8a78?s=96&d=mm&r=g","caption":"Francesca Cavallotti"},"sameAs":["Francesca"]}]}},"_links":{"self":[{"href":"https:\/\/www.museodelbali.it\/en\/wp-json\/wp\/v2\/posts\/14236","targetHints":{"allow":["GET"]}}],"collection":[{"href":"https:\/\/www.museodelbali.it\/en\/wp-json\/wp\/v2\/posts"}],"about":[{"href":"https:\/\/www.museodelbali.it\/en\/wp-json\/wp\/v2\/types\/post"}],"author":[{"embeddable":true,"href":"https:\/\/www.museodelbali.it\/en\/wp-json\/wp\/v2\/users\/4"}],"replies":[{"embeddable":true,"href":"https:\/\/www.museodelbali.it\/en\/wp-json\/wp\/v2\/comments?post=14236"}],"version-history":[{"count":0,"href":"https:\/\/www.museodelbali.it\/en\/wp-json\/wp\/v2\/posts\/14236\/revisions"}],"wp:featuredmedia":[{"embeddable":true,"href":"https:\/\/www.museodelbali.it\/en\/wp-json\/wp\/v2\/media\/14246"}],"wp:attachment":[{"href":"https:\/\/www.museodelbali.it\/en\/wp-json\/wp\/v2\/media?parent=14236"}],"wp:term":[{"taxonomy":"category","embeddable":true,"href":"https:\/\/www.museodelbali.it\/en\/wp-json\/wp\/v2\/categories?post=14236"},{"taxonomy":"post_tag","embeddable":true,"href":"https:\/\/www.museodelbali.it\/en\/wp-json\/wp\/v2\/tags?post=14236"}],"curies":[{"name":"wp","href":"https:\/\/api.w.org\/{rel}","templated":true}]}}