{"id":13357,"date":"2024-09-23T15:34:31","date_gmt":"2024-09-23T13:34:31","guid":{"rendered":"https:\/\/www.museodelbali.it\/?p=13357"},"modified":"2024-09-23T15:35:31","modified_gmt":"2024-09-23T13:35:31","slug":"a-shooting-star-a-granted-wish-3","status":"publish","type":"post","link":"https:\/\/www.museodelbali.it\/en\/a-shooting-star-a-granted-wish-3\/","title":{"rendered":"A shooting star, a granted wish!"},"content":{"rendered":"\t\t<div data-elementor-type=\"wp-post\" data-elementor-id=\"13357\" class=\"elementor elementor-13357 elementor-13356\" data-elementor-post-type=\"post\">\n\t\t\t\t\t\t<section class=\"elementor-section elementor-top-section elementor-element elementor-element-81b889c elementor-section-boxed elementor-section-height-default elementor-section-height-default\" data-id=\"81b889c\" data-element_type=\"section\" data-e-type=\"section\" data-settings=\"{&quot;architecturer_ext_is_background_parallax&quot;:&quot;false&quot;,&quot;architecturer_ext_is_background_on_scroll&quot;:&quot;false&quot;}\">\n\t\t\t\t\t\t<div class=\"elementor-container elementor-column-gap-default\">\n\t\t\t\t\t<div class=\"elementor-column elementor-col-100 elementor-top-column elementor-element elementor-element-e590afc\" data-id=\"e590afc\" data-element_type=\"column\" data-e-type=\"column\" data-settings=\"{&quot;architecturer_ext_is_mobile_menu&quot;:&quot;false&quot;,&quot;architecturer_ext_is_scrollme&quot;:&quot;false&quot;,&quot;architecturer_ext_is_smoove&quot;:&quot;false&quot;,&quot;architecturer_ext_is_parallax_mouse&quot;:&quot;false&quot;,&quot;architecturer_ext_is_infinite&quot;:&quot;false&quot;,&quot;architecturer_ext_is_fadeout_animation&quot;:&quot;false&quot;}\">\n\t\t\t<div class=\"elementor-widget-wrap elementor-element-populated\">\n\t\t\t\t\t\t<div class=\"elementor-element elementor-element-19ecedfa elementor-widget elementor-widget-text-editor\" data-id=\"19ecedfa\" data-element_type=\"widget\" data-e-type=\"widget\" data-settings=\"{&quot;architecturer_ext_is_mobile_menu&quot;:&quot;false&quot;,&quot;architecturer_ext_is_scrollme&quot;:&quot;false&quot;,&quot;architecturer_ext_is_smoove&quot;:&quot;false&quot;,&quot;architecturer_ext_is_parallax_mouse&quot;:&quot;false&quot;,&quot;architecturer_ext_is_infinite&quot;:&quot;false&quot;,&quot;architecturer_ext_is_fadeout_animation&quot;:&quot;false&quot;}\" data-widget_type=\"text-editor.default\">\n\t\t\t\t<div class=\"elementor-widget-container\">\n\t\t\t\t\t\t\t\t\t<h3>C&#8217;ERANO UNA VOLTA SATURNO, UNA COMETA E UNA STELLA NOVA&#8230;<\/h3>\n<p>L&#8217;estate dei suoi primi 20 anni sta finendo e il museo vuole finire la stagione con il botto. Letteralmente. Perch\u00e9 settembre 2024 si configura come un mese denso di eventi astronomicamente interessanti tra cui proprio l&#8217;esplosione di una stella! Per questo motivo abbiamo programmato diversi eventi e aperture al museo in modo da permettere a tutti di vivere queste esperienze insieme a noi. Ci saranno\u00a0<a href=\"https:\/\/www.museodelbali.it\/spazio-alle-stelle-aperture-dellosservatorio\/\" target=\"_blank\" rel=\"noopener\">serate di approfondimento astronomico<\/a>\u00a0tutti i venerd\u00ec e aperture serali sabato e domenica, compreso l&#8217;evento &#8220;International Explore the Moon Night&#8221; promosso dalla NASA in tutto il mondo.<br \/>Andiamo a vedere nel dettaglio gli eventi astronomici.<\/p>\n<h4>OPPOSIZIONE DI SATURNO<\/h4>\n<p>Settembre 2024 sar\u00e0 il mese di Saturno. Il pianeta pi\u00f9 amato del Sistema Solare, infatti, raggiunger\u00e0 l&#8217;8 settembre l&#8217;opposizione, ovvero la posizione &#8220;opposta&#8221; al Sole rispetto alla Terra: sar\u00e0 dunque visibile per tutta la notte dal tramonto all&#8217;alba del Sole e sar\u00e0 nel suo picco di luminosit\u00e0.<br \/>Una piccola curiosit\u00e0: nei prossimi mesi gli anelli di Saturno saranno sempre meno visibili fino addirittura a &#8220;scomparire&#8221; per un po&#8217; con l&#8217;inizio della primavera prossima. Questo fenomeno, che si verifica ogni 15 anni, accade quando il piano degli anelli risulta perfettamente di taglio rispetto alla nostra linea di vista. Siccome gli anelli sono strutture larghissime ma sottilissime viste a grande distanza, quando sono orientati in questo modo diventano invisibili..<\/p>\n<h4>COMETA TSUCHINSHAN\u2013ATLAS<\/h4>\n<p>Eh s\u00ec, a settembre si comincer\u00e0 a parlare anche di questa cometa, la C\/2023 A3, scoperta nel 2023 quando si trovava vicino all&#8217;orbita di Giove. Si tratta di una cometa non periodica, cio\u00e8 una di quelle che passa vicino al Sole una volta sola per poi non tornare pi\u00f9. Attualmente sta viaggiano a grande velocit\u00e0 verso il Sole e non risulta visibile alle nostre latitudini A fine settembre sfiorer\u00e0 la nostra stella e l\u00ec si decider\u00e0 la sua sorte. S<span style=\"font-size: 16px;\">e &#8211; e sottolineiamo SE! &#8211; dovesse sopravvivere al passaggio ravvicinato senza disgregarsi, a ottobre potrebbe diventare molto luminosa nel cielo occidentale dopo il tramonto, raggiungendo livelli paragonabili a quelli di Saturno o, addirittura di Venere.<\/span><\/p>\n<p>\u00a0<\/p>\n<h4>T CORONA BOREALIS &#8211; UNA STELLA &#8220;NOVA&#8221;<\/h4>\n<p>Si tratta di una stellina invisibile a occhio nudo tanto daessere identificata solo con una lettera dell\u2019alfabeto, la \u201cT\u201d, seguita dalla sigla della costellazione di appartenenza, CrB, la Corona Boreale. Eppure secondo le previsioni potrebbe essere la protagonista di un evento celeste raro e irripetibile nel corso della vita di un essere umano, perch\u00e9 si verificherebbe ogni 80 anni circa. Si tratta infatti di una nova ricorrente ovvero di un oggetto che all\u2019improvviso aumenta la sua luminosit\u00e0 e diventa visibile a occhio nudo dove prima non si vedeva nulla: una stella, appunto, nova. T CrB \u00e8 un sistema binario, due oggetti che orbitano una intorno all\u2019altra. Per condizioni particolari il materiale di una viene risucchiato dall&#8217;altra e si accumula fino a che non raggiunge temperatura e densit\u00e0 critiche. Dopodich\u00e9 si infiamma producendo un picco di luminosit\u00e0. Naturalmente \u00e8 impossibile conoscere precisamente la data, per\u00f2 gli astronomi hanno rilevato alcuni segnali premonitori per cui il fenomeno potrebbe verificarsi a settembre. Dove guardare nel cielo? T CrB si trova appena a est del semicerchio di stelle che disegna la Corona boreale, poco distante da Arturo nella costellazione del Bootes, la stella pi\u00f9 brillante che possiamo vedere in cielo a occidente.i<\/p>\n\t\t\t\t\t\t\t\t<\/div>\n\t\t\t\t<\/div>\n\t\t\t\t<div class=\"elementor-element elementor-element-18426f6 elementor-widget-divider--view-line elementor-widget elementor-widget-divider\" data-id=\"18426f6\" data-element_type=\"widget\" data-e-type=\"widget\" data-settings=\"{&quot;architecturer_ext_is_mobile_menu&quot;:&quot;false&quot;,&quot;architecturer_ext_is_scrollme&quot;:&quot;false&quot;,&quot;architecturer_ext_is_smoove&quot;:&quot;false&quot;,&quot;architecturer_ext_is_parallax_mouse&quot;:&quot;false&quot;,&quot;architecturer_ext_is_infinite&quot;:&quot;false&quot;,&quot;architecturer_ext_is_fadeout_animation&quot;:&quot;false&quot;}\" data-widget_type=\"divider.default\">\n\t\t\t\t<div class=\"elementor-widget-container\">\n\t\t\t\t\t\t\t<div class=\"elementor-divider\">\n\t\t\t<span class=\"elementor-divider-separator\">\n\t\t\t\t\t\t<\/span>\n\t\t<\/div>\n\t\t\t\t\t\t<\/div>\n\t\t\t\t<\/div>\n\t\t\t\t<div class=\"elementor-element elementor-element-8a2a788 elementor-widget elementor-widget-text-editor\" data-id=\"8a2a788\" data-element_type=\"widget\" data-e-type=\"widget\" data-settings=\"{&quot;architecturer_ext_is_mobile_menu&quot;:&quot;false&quot;,&quot;architecturer_ext_is_scrollme&quot;:&quot;false&quot;,&quot;architecturer_ext_is_smoove&quot;:&quot;false&quot;,&quot;architecturer_ext_is_parallax_mouse&quot;:&quot;false&quot;,&quot;architecturer_ext_is_infinite&quot;:&quot;false&quot;,&quot;architecturer_ext_is_fadeout_animation&quot;:&quot;false&quot;}\" data-widget_type=\"text-editor.default\">\n\t\t\t\t<div class=\"elementor-widget-container\">\n\t\t\t\t\t\t\t\t\t<h3>DATE E ORARI<\/h3>\n<p><span style=\"font-family: Roboto, sans-serif; font-size: 16px; font-style: normal; font-weight: 300;\">Il museo rester\u00e0 aperto dalle 16:30 alle 22:00 con un ultimo ingresso alle 19:30:<\/span><\/p>\n<ul>\n<li>Sabato 14 settembre 2024 &#8211;\u00a0 Evento International Observe the Moon Night<\/li>\n<li>Domenica 15 settembre 2024 &#8211; Apertura museo con visita, planetario, osservatorio<\/li>\n<li><span style=\"font-size: 16px;\">Sabato 21 settembre 2024 &#8211; A<\/span>pertura museo con visita, planetario, osservatorio<\/li>\n<li><span style=\"font-size: 16px;\">Domenica 22 settembre 2024 &#8211; A<\/span>pertura museo con visita, planetario, osservatorio<\/li>\n<li><span style=\"font-size: 16px;\">Sabato 28 settembre 2024 &#8211; A<\/span>pertura museo con visita, planetario, osservatorio<\/li>\n<li><span style=\"font-size: 16px;\">Domenica 29 settembre 2024 &#8211; A<\/span>pertura museo con visita, planetario, osservatorio<\/li>\n<\/ul>\n<div>\u00a0<\/div>\n\t\t\t\t\t\t\t\t<\/div>\n\t\t\t\t<\/div>\n\t\t\t\t<div class=\"elementor-element elementor-element-330051a elementor-widget-divider--view-line elementor-widget elementor-widget-divider\" data-id=\"330051a\" data-element_type=\"widget\" data-e-type=\"widget\" data-settings=\"{&quot;architecturer_ext_is_mobile_menu&quot;:&quot;false&quot;,&quot;architecturer_ext_is_scrollme&quot;:&quot;false&quot;,&quot;architecturer_ext_is_smoove&quot;:&quot;false&quot;,&quot;architecturer_ext_is_parallax_mouse&quot;:&quot;false&quot;,&quot;architecturer_ext_is_infinite&quot;:&quot;false&quot;,&quot;architecturer_ext_is_fadeout_animation&quot;:&quot;false&quot;}\" data-widget_type=\"divider.default\">\n\t\t\t\t<div class=\"elementor-widget-container\">\n\t\t\t\t\t\t\t<div class=\"elementor-divider\">\n\t\t\t<span class=\"elementor-divider-separator\">\n\t\t\t\t\t\t<\/span>\n\t\t<\/div>\n\t\t\t\t\t\t<\/div>\n\t\t\t\t<\/div>\n\t\t\t\t<div class=\"elementor-element elementor-element-80d5237 elementor-widget elementor-widget-text-editor\" data-id=\"80d5237\" data-element_type=\"widget\" data-e-type=\"widget\" data-settings=\"{&quot;architecturer_ext_is_mobile_menu&quot;:&quot;false&quot;,&quot;architecturer_ext_is_scrollme&quot;:&quot;false&quot;,&quot;architecturer_ext_is_smoove&quot;:&quot;false&quot;,&quot;architecturer_ext_is_parallax_mouse&quot;:&quot;false&quot;,&quot;architecturer_ext_is_infinite&quot;:&quot;false&quot;,&quot;architecturer_ext_is_fadeout_animation&quot;:&quot;false&quot;}\" data-widget_type=\"text-editor.default\">\n\t\t\t\t<div class=\"elementor-widget-container\">\n\t\t\t\t\t\t\t\t\t<h4>COSA FARE<\/h4>\n<p>Nel biglietto &#8220;Museo + Planetario&#8221; sono comprese tutte queste attivit\u00e0:<\/p>\n\t\t\t\t\t\t\t\t<\/div>\n\t\t\t\t<\/div>\n\t\t\t\t<div class=\"elementor-element elementor-element-2eb29c3 bdt-ps-image-match-height--yes elementor-widget elementor-widget-prime-slider-sequester\" data-id=\"2eb29c3\" data-element_type=\"widget\" data-e-type=\"widget\" data-settings=\"{&quot;architecturer_ext_is_mobile_menu&quot;:&quot;false&quot;,&quot;architecturer_ext_is_scrollme&quot;:&quot;false&quot;,&quot;architecturer_ext_is_smoove&quot;:&quot;false&quot;,&quot;architecturer_ext_is_parallax_mouse&quot;:&quot;false&quot;,&quot;architecturer_ext_is_infinite&quot;:&quot;false&quot;,&quot;architecturer_ext_is_fadeout_animation&quot;:&quot;false&quot;}\" data-widget_type=\"prime-slider-sequester.default\">\n\t\t\t\t<div class=\"elementor-widget-container\">\n\t\t\t\t\t\t\t<div class=\"bdt-prime-slider\">\n\t\t\t<div class=\"bdt-prime-slider-sequester\">\n\t\t\t\t<div class=\"bdt-position-relative bdt-visible-toggle\" data-settings=\"{&quot;id&quot;:&quot;#bdt-2eb29c3&quot;,&quot;animation_status&quot;:&quot;no&quot;}\" id=\"bdt-2eb29c3\" bdt-slideshow=\"{&quot;animation&quot;:&quot;fade&quot;,&quot;ratio&quot;:&quot;16:9&quot;,&quot;min-height&quot;:&quot;540&quot;,&quot;autoplay&quot;:true,&quot;autoplay-interval&quot;:7000,&quot;pause-on-hover&quot;:false,&quot;velocity&quot;:1,&quot;finite&quot;:false}\">\n\t\t\t\t\t<ul class=\"bdt-slideshow-items\">\n\t\t\t\t\t\t\n            <li class=\"bdt-slideshow-item bdt-flex bdt-flex-row bdt-flex-middle elementor-repeater-item-5ae3f8c \">\n\n                    \n\t\t<div class=\"bdt-prime-slider-content\">\n\t\t\t<div class=\"bdt-prime-slider-desc\">\n\n\t\t\t\t\t\t\t\t\t<div class=\"bdt-sub-title\">\n\t\t\t\t\t\t<h4 class=\"bdt-sub-title-inner\" data-bdt-slideshow-parallax=\"y: 50,0,-50; opacity: 1,1,0\" data-reveal=\"reveal-active\">\n\t\t\t\t\t\t\tMostra temporanea\t\t\t\t\t\t<\/h4>\n\t\t\t\t\t<\/div>\n\t\t\t\t\n\t\t\t\t\t\t\t\t\t<div class=\"bdt-main-title\">\n\t\t\t\t\t\t<h1 class=\"bdt-title-tag\" data-bdt-slideshow-parallax=\"y: 50,0,-50; opacity: 1,1,0\" data-reveal=\"reveal-active\">\n\t\t\t\t\t\t\t\t\t\t\t\t\t\t\t<span class=\"frist-word\">Spazio<\/span> al Sistema Solare\t\t\t\t\t\t\t\t\t\t\t\t\t\t<\/h1>\n\t\t\t\t\t<\/div>\n\t\t\t\t\n\t\t\t\t\t\t\t\t\t<div class=\"bdt-slider-excerpt\" data-bdt-slideshow-parallax=\"y: 50,0,-50; opacity: 1,1,0\" data-reveal=\"reveal-active\">\n\t\t\t\t\t\t<p>Percorso immersivo nell'ambiente Spazio in cui esplorerai i corpi celesti pi\u00f9 interessanti del Sistema Solare, interagendo con gli oggetti nelle sale e raccogliendo indizi per portare a termine una mini attivit\u00e0.<\/p>\t\t\t\t\t<\/div>\n\t\t\t\t\n\t\t\t\t<div class=\"bdt-button-wrapper\" data-bdt-slideshow-parallax=\"y: 150,0,-100; opacity: 1,1,0\">\n\t\t\t\t\t\n\t\t\t\t\t\t<\/div>\n\t\t\t\t\n\t\t\t<\/div>\n\t\t<\/div>\n\n        \n                    <div class=\"bdt-slide-image\" style=\"background-image: url('https:\/\/www.museodelbali.it\/wp-content\/uploads\/2024\/06\/WhatsApp-Image-2024-06-25-at-14.19.00.jpeg');\">\n                        \n                    <\/div>\n            <\/li>\n\n        \n            <li class=\"bdt-slideshow-item bdt-flex bdt-flex-row bdt-flex-middle elementor-repeater-item-2ff8508 \">\n\n                    \n\t\t<div class=\"bdt-prime-slider-content\">\n\t\t\t<div class=\"bdt-prime-slider-desc\">\n\n\t\t\t\t\t\t\t\t\t<div class=\"bdt-sub-title\">\n\t\t\t\t\t\t<h4 class=\"bdt-sub-title-inner\" data-bdt-slideshow-parallax=\"y: 50,0,-50; opacity: 1,1,0\" data-reveal=\"reveal-active\">\n\t\t\t\t\t\t\tOsservatorio astronomico\t\t\t\t\t\t<\/h4>\n\t\t\t\t\t<\/div>\n\t\t\t\t\n\t\t\t\t\t\t\t\t\t<div class=\"bdt-main-title\">\n\t\t\t\t\t\t<h1 class=\"bdt-title-tag\" data-bdt-slideshow-parallax=\"y: 50,0,-50; opacity: 1,1,0\" data-reveal=\"reveal-active\">\n\t\t\t\t\t\t\t\t\t\t\t\t\t\t\t<span class=\"frist-word\">Il<\/span> cielo al telescopio\t\t\t\t\t\t\t\t\t\t\t\t\t\t<\/h1>\n\t\t\t\t\t<\/div>\n\t\t\t\t\n\t\t\t\t\t\t\t\t\t<div class=\"bdt-slider-excerpt\" data-bdt-slideshow-parallax=\"y: 50,0,-50; opacity: 1,1,0\" data-reveal=\"reveal-active\">\n\t\t\t\t\t\t<p>Osservazione ai telescopi di alcuni dei principali oggetti celesti di stagione: Saturno,\u00a0 luna, stelle doppie e ammassi stellari.\u00a0<\/p>\t\t\t\t\t<\/div>\n\t\t\t\t\n\t\t\t\t<div class=\"bdt-button-wrapper\" data-bdt-slideshow-parallax=\"y: 150,0,-100; opacity: 1,1,0\">\n\t\t\t\t\t\n\t\t\t\t\t\t<\/div>\n\t\t\t\t\n\t\t\t<\/div>\n\t\t<\/div>\n\n        \n                    <div class=\"bdt-slide-image\" style=\"background-image: url('https:\/\/www.museodelbali.it\/wp-content\/uploads\/2024\/06\/WSZ2171-rid.jpg');\">\n                        \n                    <\/div>\n            <\/li>\n\n        \n            <li class=\"bdt-slideshow-item bdt-flex bdt-flex-row bdt-flex-middle elementor-repeater-item-ccbaf17 \">\n\n                    \n\t\t<div class=\"bdt-prime-slider-content\">\n\t\t\t<div class=\"bdt-prime-slider-desc\">\n\n\t\t\t\t\t\t\t\t\t<div class=\"bdt-sub-title\">\n\t\t\t\t\t\t<h4 class=\"bdt-sub-title-inner\" data-bdt-slideshow-parallax=\"y: 50,0,-50; opacity: 1,1,0\" data-reveal=\"reveal-active\">\n\t\t\t\t\t\t\tPlanetario digitale\t\t\t\t\t\t<\/h4>\n\t\t\t\t\t<\/div>\n\t\t\t\t\n\t\t\t\t\t\t\t\t\t<div class=\"bdt-main-title\">\n\t\t\t\t\t\t<h1 class=\"bdt-title-tag\" data-bdt-slideshow-parallax=\"y: 50,0,-50; opacity: 1,1,0\" data-reveal=\"reveal-active\">\n\t\t\t\t\t\t\t\t\t\t\t\t\t\t\t<span class=\"frist-word\">Il<\/span> cielo di stagione\t\t\t\t\t\t\t\t\t\t\t\t\t\t<\/h1>\n\t\t\t\t\t<\/div>\n\t\t\t\t\n\t\t\t\t\t\t\t\t\t<div class=\"bdt-slider-excerpt\" data-bdt-slideshow-parallax=\"y: 50,0,-50; opacity: 1,1,0\" data-reveal=\"reveal-active\">\n\t\t\t\t\t\t<p>Spettacolo ogni 30 minuti per imparare le principali costellazioni della stagione.\u00a0<\/p>\t\t\t\t\t<\/div>\n\t\t\t\t\n\t\t\t\t<div class=\"bdt-button-wrapper\" data-bdt-slideshow-parallax=\"y: 150,0,-100; opacity: 1,1,0\">\n\t\t\t\t\t\n\t\t\t\t\t\t<\/div>\n\t\t\t\t\n\t\t\t<\/div>\n\t\t<\/div>\n\n        \n                    <div class=\"bdt-slide-image\" style=\"background-image: url('https:\/\/www.museodelbali.it\/wp-content\/uploads\/2024\/07\/perseidi2024.jpg');\">\n                        \n                    <\/div>\n            <\/li>\n\n        \n            <li class=\"bdt-slideshow-item bdt-flex bdt-flex-row bdt-flex-middle elementor-repeater-item-63828de \">\n\n                    \n\t\t<div class=\"bdt-prime-slider-content\">\n\t\t\t<div class=\"bdt-prime-slider-desc\">\n\n\t\t\t\t\t\t\t\t\t<div class=\"bdt-sub-title\">\n\t\t\t\t\t\t<h4 class=\"bdt-sub-title-inner\" data-bdt-slideshow-parallax=\"y: 50,0,-50; opacity: 1,1,0\" data-reveal=\"reveal-active\">\n\t\t\t\t\t\t\tExhibit\t\t\t\t\t\t<\/h4>\n\t\t\t\t\t<\/div>\n\t\t\t\t\n\t\t\t\t\t\t\t\t\t<div class=\"bdt-main-title\">\n\t\t\t\t\t\t<h1 class=\"bdt-title-tag\" data-bdt-slideshow-parallax=\"y: 50,0,-50; opacity: 1,1,0\" data-reveal=\"reveal-active\">\n\t\t\t\t\t\t\t\t\t\t\t\t\t\t\t<span class=\"frist-word\">Visita<\/span> interattiva\t\t\t\t\t\t\t\t\t\t\t\t\t\t<\/h1>\n\t\t\t\t\t<\/div>\n\t\t\t\t\n\t\t\t\t\t\t\t\t\t<div class=\"bdt-slider-excerpt\" data-bdt-slideshow-parallax=\"y: 50,0,-50; opacity: 1,1,0\" data-reveal=\"reveal-active\">\n\t\t\t\t\t\t<p>Visita alle sale in completa autonomia. Non dimenticarti di provare i nuovi exhibit, inaugurati a luglio per i 20 anni del museo.<\/p>\t\t\t\t\t<\/div>\n\t\t\t\t\n\t\t\t\t<div class=\"bdt-button-wrapper\" data-bdt-slideshow-parallax=\"y: 150,0,-100; opacity: 1,1,0\">\n\t\t\t\t\t\n\t\t\t\t\t\t<\/div>\n\t\t\t\t\n\t\t\t<\/div>\n\t\t<\/div>\n\n        \n                    <div class=\"bdt-slide-image\" style=\"background-image: url('https:\/\/www.museodelbali.it\/wp-content\/uploads\/2024\/06\/WhatsApp-Image-2024-06-25-at-14.25.30.jpeg');\">\n                        \n                    <\/div>\n            <\/li>\n\n        \n                <\/ul>\n\n                \n\t\t\t\t<div class=\"bdt-navigation-arrows reveal-muted\">\n\t\t\t<a class=\"bdt-prime-slider-previous\" href=\"#\" bdt-slidenav-previous bdt-slideshow-item=\"previous\"><\/a>\n\t\t\t<a class=\"bdt-prime-slider-next\" href=\"#\" bdt-slidenav-next bdt-slideshow-item=\"next\"><\/a>\n\t\t<\/div>\n\t\t\n\t\t                \n        \n\t\t\t<ul class=\"bdt-slideshow-nav bdt-dotnav reveal-muted\"><\/ul>\n\n        \n        \t\t\t\t\n\t\t\t<\/div>\n\t\t\t\t\t<\/div>\n\t\t<\/div>\n        \t\t\t\t<\/div>\n\t\t\t\t<\/div>\n\t\t\t\t<div class=\"elementor-element elementor-element-3dacd98 elementor-widget elementor-widget-text-editor\" data-id=\"3dacd98\" data-element_type=\"widget\" data-e-type=\"widget\" data-settings=\"{&quot;architecturer_ext_is_mobile_menu&quot;:&quot;false&quot;,&quot;architecturer_ext_is_scrollme&quot;:&quot;false&quot;,&quot;architecturer_ext_is_smoove&quot;:&quot;false&quot;,&quot;architecturer_ext_is_parallax_mouse&quot;:&quot;false&quot;,&quot;architecturer_ext_is_infinite&quot;:&quot;false&quot;,&quot;architecturer_ext_is_fadeout_animation&quot;:&quot;false&quot;}\" data-widget_type=\"text-editor.default\">\n\t\t\t\t<div class=\"elementor-widget-container\">\n\t\t\t\t\t\t\t\t\t<h5 style=\"letter-spacing: normal;\">Sabato 14 settembre | International Observe the Moon Night<span style=\"font-size: 16px;\">\u00a0<\/span><\/h5>\n<p style=\"font-weight: 300; font-style: normal; font-size: 16px; font-family: Roboto, sans-serif;\"><span style=\"font-size: 16px;\">Anche quest\u2019anno celebreremo l\u2019evento di osservazione della Luna promosso dalla NASA e giunto alla sua 13\u00aa edizione,\u00a0<\/span><span style=\"font-size: 16px;\">un evento pubblico annuale di divulgazione mondiale. Per questo motivo e solo per questo sabato del mese, l\u2019osservatorio aprir\u00e0 ai visitatori del museo non appena tramonter\u00e0 il Sole e punter\u00e0 i suoi telescopi verso il nostro satellite naturale<\/span><span style=\"font-size: 16px;\">. La Luna sar\u00e0 vicinissimo al primo quarto, la fase ottimale per osservare i dettagli dei crateri lungo il terminatore, la linea che separa la parte illuminata dalla parte in ombra. A seconda dell\u2019orario e delle condizioni meteo, potrebbe essere visibile anche il fenomeno denominato\u00a0<\/span><em style=\"font-size: 16px;\">Luce Cinerea<\/em><span style=\"font-size: 16px;\">.\u00a0<\/span><span style=\"font-size: 16px;\">Durante la serata potrai scattare foto alla Luna con il tuo smartphone. Le pi\u00f9 belle potrebbero essere ricondivise sull\u2019account Instagram del museo. Ricordati di utilizzare l\u2019hashtag\u00a0<\/span><a style=\"font-size: 16px;\" href=\"https:\/\/www.facebook.com\/hashtag\/observethemoon\">#ObserveTheMoon<\/a><span style=\"font-size: 16px;\">!\u00a0<\/span><strong style=\"font-family: inherit; font-style: inherit;\">In caso di maltempo l\u2019osservazione al telescopio sar\u00e0 annullata\u00a0<\/strong><span style=\"font-weight: 300; font-style: normal; font-size: 16px; font-family: Roboto, sans-serif;\">mentre saranno confermati lo spettacolo al planetario e la visita al museo.<\/span><\/p>\n\t\t\t\t\t\t\t\t<\/div>\n\t\t\t\t<\/div>\n\t\t\t\t<div class=\"elementor-element elementor-element-20840d7 elementor-widget-divider--view-line elementor-widget elementor-widget-divider\" data-id=\"20840d7\" data-element_type=\"widget\" data-e-type=\"widget\" data-settings=\"{&quot;architecturer_ext_is_mobile_menu&quot;:&quot;false&quot;,&quot;architecturer_ext_is_scrollme&quot;:&quot;false&quot;,&quot;architecturer_ext_is_smoove&quot;:&quot;false&quot;,&quot;architecturer_ext_is_parallax_mouse&quot;:&quot;false&quot;,&quot;architecturer_ext_is_infinite&quot;:&quot;false&quot;,&quot;architecturer_ext_is_fadeout_animation&quot;:&quot;false&quot;}\" data-widget_type=\"divider.default\">\n\t\t\t\t<div class=\"elementor-widget-container\">\n\t\t\t\t\t\t\t<div class=\"elementor-divider\">\n\t\t\t<span class=\"elementor-divider-separator\">\n\t\t\t\t\t\t<\/span>\n\t\t<\/div>\n\t\t\t\t\t\t<\/div>\n\t\t\t\t<\/div>\n\t\t\t\t<div class=\"elementor-element elementor-element-d3e6ba3 elementor-widget elementor-widget-text-editor\" data-id=\"d3e6ba3\" data-element_type=\"widget\" data-e-type=\"widget\" data-settings=\"{&quot;architecturer_ext_is_mobile_menu&quot;:&quot;false&quot;,&quot;architecturer_ext_is_scrollme&quot;:&quot;false&quot;,&quot;architecturer_ext_is_smoove&quot;:&quot;false&quot;,&quot;architecturer_ext_is_parallax_mouse&quot;:&quot;false&quot;,&quot;architecturer_ext_is_infinite&quot;:&quot;false&quot;,&quot;architecturer_ext_is_fadeout_animation&quot;:&quot;false&quot;}\" data-widget_type=\"text-editor.default\">\n\t\t\t\t<div class=\"elementor-widget-container\">\n\t\t\t\t\t\t\t\t\t<h4>IL CAFFE&#8217; DEL BALI&#8217;<\/h4>\n<p>Non dimenticarti di mangiare: la scienza mette appetito!<br \/><span style=\"font-family: Roboto, sans-serif; font-size: 16px; font-style: normal; font-weight: 300;\">Il caff\u00e8 del Bal\u00ec \u00e8 a tua disposizione: scopri la proposta del museo per queste tre serate speciali.\u00a0<\/span><span style=\"font-family: Roboto, sans-serif; font-size: 16px; font-style: normal; font-weight: 300;\">La consumazione non \u00e8 compresa nel prezzo del biglietto di ingresso.<\/span><span style=\"font-family: Roboto, sans-serif; font-size: 16px; font-style: normal; font-weight: 300;\">\u00a0<\/span><span style=\"font-family: Roboto, sans-serif; font-size: 16px; font-style: normal; font-weight: 300;\">Ti ricordiamo che non \u00e8 attrezzato per proporre prodotti per celiaci e intolleranze alimentari.<\/span><\/p>\n\t\t\t\t\t\t\t\t<\/div>\n\t\t\t\t<\/div>\n\t\t\t\t<div class=\"elementor-element elementor-element-faee526 elementor-widget-divider--view-line elementor-widget elementor-widget-divider\" data-id=\"faee526\" data-element_type=\"widget\" data-e-type=\"widget\" data-settings=\"{&quot;architecturer_ext_is_mobile_menu&quot;:&quot;false&quot;,&quot;architecturer_ext_is_scrollme&quot;:&quot;false&quot;,&quot;architecturer_ext_is_smoove&quot;:&quot;false&quot;,&quot;architecturer_ext_is_parallax_mouse&quot;:&quot;false&quot;,&quot;architecturer_ext_is_infinite&quot;:&quot;false&quot;,&quot;architecturer_ext_is_fadeout_animation&quot;:&quot;false&quot;}\" data-widget_type=\"divider.default\">\n\t\t\t\t<div class=\"elementor-widget-container\">\n\t\t\t\t\t\t\t<div class=\"elementor-divider\">\n\t\t\t<span class=\"elementor-divider-separator\">\n\t\t\t\t\t\t<\/span>\n\t\t<\/div>\n\t\t\t\t\t\t<\/div>\n\t\t\t\t<\/div>\n\t\t\t\t<div class=\"elementor-element elementor-element-886f27c elementor-widget elementor-widget-text-editor\" data-id=\"886f27c\" data-element_type=\"widget\" data-e-type=\"widget\" data-settings=\"{&quot;architecturer_ext_is_mobile_menu&quot;:&quot;false&quot;,&quot;architecturer_ext_is_scrollme&quot;:&quot;false&quot;,&quot;architecturer_ext_is_smoove&quot;:&quot;false&quot;,&quot;architecturer_ext_is_parallax_mouse&quot;:&quot;false&quot;,&quot;architecturer_ext_is_infinite&quot;:&quot;false&quot;,&quot;architecturer_ext_is_fadeout_animation&quot;:&quot;false&quot;}\" data-widget_type=\"text-editor.default\">\n\t\t\t\t<div class=\"elementor-widget-container\">\n\t\t\t\t\t\t\t\t\t<h4>PRENOTAZIONE E TARIFFE<\/h4>\n<p style=\"font-weight: 300; font-style: normal; font-size: 16px; font-family: Roboto, sans-serif;\">Come sempre non \u00e8 obbligatorio prenotare dal sito,\u00a0<strong>MA NON SAREMO IN GRADO DI GARANTIRE L\u2019ACCESSO AI NON PRENOTATI,<\/strong>\u00a0soprattutto in queste giornate di grande affluenza. Gli ingressi sono ogni mezz\u2019ora per rispettare la capienza delle sale e del planetario; per poterti organizzare al meglio considera una permanenza media di 3 ore, seguendo l\u2019ordine che ti verr\u00e0 indicato in cassa il giorno stesso (serve soprattutto per garantire a tutti i visitatori un\u2019esperienza piacevole all\u2019interno del museo). Il parco antistante \u00e8 pubblico e di libero accesso.<\/p>\n<p style=\"font-weight: 300; font-style: normal; font-size: 16px; font-family: Roboto, sans-serif;\">Dal sito \u00e8 possibile acquistare l\u2019ingresso per queste aperture selezionando il biglietto &#8220;Museo + Planetario&#8221;.<br \/><strong>Interi:<\/strong>\u00a012 euro.<br \/><strong>Convenzionati:<\/strong>\u00a010 euro over 65 anni, tutte le realt\u00e0 indicate nella pagina convenzioni<br \/><strong>Junior:<\/strong>\u00a07 euro per bambini e ragazzi dai 6 agli 17 anni<br \/><strong>Gratuit\u00e0:<\/strong>\u00a0bambini da 0 a 5 anni<br \/>Le tariffe non includono i servizi del punto ristoro interno.<\/p>\n\t\t\t\t\t\t\t\t<\/div>\n\t\t\t\t<\/div>\n\t\t\t\t\t<\/div>\n\t\t<\/div>\n\t\t\t\t\t<\/div>\n\t\t<\/section>\n\t\t\t\t<section class=\"elementor-section elementor-top-section elementor-element elementor-element-91f92d9 animated-fast elementor-section-boxed elementor-section-height-default elementor-section-height-default elementor-invisible\" data-id=\"91f92d9\" data-element_type=\"section\" data-e-type=\"section\" data-settings=\"{&quot;animation&quot;:&quot;fadeInUp&quot;,&quot;architecturer_ext_is_background_parallax&quot;:&quot;false&quot;,&quot;architecturer_ext_is_background_on_scroll&quot;:&quot;false&quot;}\">\n\t\t\t\t\t\t<div class=\"elementor-container elementor-column-gap-default\">\n\t\t\t\t\t<div class=\"elementor-column elementor-col-25 elementor-top-column elementor-element elementor-element-235b9a3\" data-id=\"235b9a3\" data-element_type=\"column\" data-e-type=\"column\" data-settings=\"{&quot;architecturer_ext_is_mobile_menu&quot;:&quot;false&quot;,&quot;architecturer_ext_is_scrollme&quot;:&quot;false&quot;,&quot;architecturer_ext_is_smoove&quot;:&quot;false&quot;,&quot;architecturer_ext_is_parallax_mouse&quot;:&quot;false&quot;,&quot;architecturer_ext_is_infinite&quot;:&quot;false&quot;,&quot;architecturer_ext_is_fadeout_animation&quot;:&quot;false&quot;}\">\n\t\t\t<div class=\"elementor-widget-wrap elementor-element-populated\">\n\t\t\t\t\t\t<div class=\"elementor-element elementor-element-c675eb2 elementor-align-left elementor-widget elementor-widget-button\" data-id=\"c675eb2\" data-element_type=\"widget\" data-e-type=\"widget\" data-settings=\"{&quot;architecturer_ext_is_mobile_menu&quot;:&quot;false&quot;,&quot;architecturer_ext_is_scrollme&quot;:&quot;false&quot;,&quot;architecturer_ext_is_smoove&quot;:&quot;false&quot;,&quot;architecturer_ext_is_parallax_mouse&quot;:&quot;false&quot;,&quot;architecturer_ext_is_infinite&quot;:&quot;false&quot;,&quot;architecturer_ext_is_fadeout_animation&quot;:&quot;false&quot;}\" data-widget_type=\"button.default\">\n\t\t\t\t<div class=\"elementor-widget-container\">\n\t\t\t\t\t\t\t\t\t<div class=\"elementor-button-wrapper\">\n\t\t\t\t\t<a class=\"elementor-button elementor-button-link elementor-size-md\" href=\"https:\/\/www.museodelbali.it\/en\/plan-your-visit\/tickets-and-opening-hours\/\" id=\"btn_cta_buy_ticket\">\n\t\t\t\t\t\t<span class=\"elementor-button-content-wrapper\">\n\t\t\t\t\t\t\t\t\t<span class=\"elementor-button-text\">ACQUISTA BIGLIETTI<\/span>\n\t\t\t\t\t<\/span>\n\t\t\t\t\t<\/a>\n\t\t\t\t<\/div>\n\t\t\t\t\t\t\t\t<\/div>\n\t\t\t\t<\/div>\n\t\t\t\t\t<\/div>\n\t\t<\/div>\n\t\t\t\t<div class=\"elementor-column elementor-col-25 elementor-top-column elementor-element elementor-element-c52a9f7\" data-id=\"c52a9f7\" data-element_type=\"column\" data-e-type=\"column\" data-settings=\"{&quot;architecturer_ext_is_mobile_menu&quot;:&quot;false&quot;,&quot;architecturer_ext_is_scrollme&quot;:&quot;false&quot;,&quot;architecturer_ext_is_smoove&quot;:&quot;false&quot;,&quot;architecturer_ext_is_parallax_mouse&quot;:&quot;false&quot;,&quot;architecturer_ext_is_infinite&quot;:&quot;false&quot;,&quot;architecturer_ext_is_fadeout_animation&quot;:&quot;false&quot;}\">\n\t\t\t<div class=\"elementor-widget-wrap elementor-element-populated\">\n\t\t\t\t\t\t<div class=\"elementor-element elementor-element-102f0f8 elementor-align-center elementor-widget elementor-widget-button\" data-id=\"102f0f8\" data-element_type=\"widget\" data-e-type=\"widget\" data-settings=\"{&quot;architecturer_ext_is_mobile_menu&quot;:&quot;false&quot;,&quot;architecturer_ext_is_scrollme&quot;:&quot;false&quot;,&quot;architecturer_ext_is_smoove&quot;:&quot;false&quot;,&quot;architecturer_ext_is_parallax_mouse&quot;:&quot;false&quot;,&quot;architecturer_ext_is_infinite&quot;:&quot;false&quot;,&quot;architecturer_ext_is_fadeout_animation&quot;:&quot;false&quot;}\" data-widget_type=\"button.default\">\n\t\t\t\t<div class=\"elementor-widget-container\">\n\t\t\t\t\t\t\t\t\t<div class=\"elementor-button-wrapper\">\n\t\t\t\t\t<a class=\"elementor-button elementor-button-link elementor-size-md\" href=\"https:\/\/www.museodelbali.it\/qrcode\/\">\n\t\t\t\t\t\t<span class=\"elementor-button-content-wrapper\">\n\t\t\t\t\t\t\t\t\t<span class=\"elementor-button-text\">GUARDA IL MENU DEL BAR<\/span>\n\t\t\t\t\t<\/span>\n\t\t\t\t\t<\/a>\n\t\t\t\t<\/div>\n\t\t\t\t\t\t\t\t<\/div>\n\t\t\t\t<\/div>\n\t\t\t\t\t<\/div>\n\t\t<\/div>\n\t\t\t\t<div class=\"elementor-column elementor-col-25 elementor-top-column elementor-element elementor-element-9cce601\" data-id=\"9cce601\" data-element_type=\"column\" data-e-type=\"column\" data-settings=\"{&quot;architecturer_ext_is_mobile_menu&quot;:&quot;false&quot;,&quot;architecturer_ext_is_scrollme&quot;:&quot;false&quot;,&quot;architecturer_ext_is_smoove&quot;:&quot;false&quot;,&quot;architecturer_ext_is_parallax_mouse&quot;:&quot;false&quot;,&quot;architecturer_ext_is_infinite&quot;:&quot;false&quot;,&quot;architecturer_ext_is_fadeout_animation&quot;:&quot;false&quot;}\">\n\t\t\t<div class=\"elementor-widget-wrap elementor-element-populated\">\n\t\t\t\t\t\t<div class=\"elementor-element elementor-element-b64fcba elementor-align-left elementor-widget elementor-widget-button\" data-id=\"b64fcba\" data-element_type=\"widget\" data-e-type=\"widget\" data-settings=\"{&quot;architecturer_ext_is_mobile_menu&quot;:&quot;false&quot;,&quot;architecturer_ext_is_scrollme&quot;:&quot;false&quot;,&quot;architecturer_ext_is_smoove&quot;:&quot;false&quot;,&quot;architecturer_ext_is_parallax_mouse&quot;:&quot;false&quot;,&quot;architecturer_ext_is_infinite&quot;:&quot;false&quot;,&quot;architecturer_ext_is_fadeout_animation&quot;:&quot;false&quot;}\" data-widget_type=\"button.default\">\n\t\t\t\t<div class=\"elementor-widget-container\">\n\t\t\t\t\t\t\t\t\t<div class=\"elementor-button-wrapper\">\n\t\t\t\t\t<a class=\"elementor-button elementor-button-link elementor-size-md\" href=\"https:\/\/www.museodelbali.it\/spazio-alle-stelle-aperture-dellosservatorio\/\" id=\"btn_cta_buy_ticket\">\n\t\t\t\t\t\t<span class=\"elementor-button-content-wrapper\">\n\t\t\t\t\t\t\t\t\t<span class=\"elementor-button-text\">SCOPRI INFO SU APERTURE OSSERVATORIO<\/span>\n\t\t\t\t\t<\/span>\n\t\t\t\t\t<\/a>\n\t\t\t\t<\/div>\n\t\t\t\t\t\t\t\t<\/div>\n\t\t\t\t<\/div>\n\t\t\t\t\t<\/div>\n\t\t<\/div>\n\t\t\t\t<div class=\"elementor-column elementor-col-25 elementor-top-column elementor-element elementor-element-0e941b1\" data-id=\"0e941b1\" data-element_type=\"column\" data-e-type=\"column\" data-settings=\"{&quot;architecturer_ext_is_mobile_menu&quot;:&quot;false&quot;,&quot;architecturer_ext_is_scrollme&quot;:&quot;false&quot;,&quot;architecturer_ext_is_smoove&quot;:&quot;false&quot;,&quot;architecturer_ext_is_parallax_mouse&quot;:&quot;false&quot;,&quot;architecturer_ext_is_infinite&quot;:&quot;false&quot;,&quot;architecturer_ext_is_fadeout_animation&quot;:&quot;false&quot;}\">\n\t\t\t<div class=\"elementor-widget-wrap\">\n\t\t\t\t\t\t\t<\/div>\n\t\t<\/div>\n\t\t\t\t\t<\/div>\n\t\t<\/section>\n\t\t\t\t<\/div>\n\t\t","protected":false},"excerpt":{"rendered":"<p>Un posto originale per la classica scampagnata dei ponti<\/p>\n<p>Il Museo del Bal\u00ec si organizza per aprire ai suoi visitatori anche durante i ponti e le festivit\u00e0 di primavera.<\/p>\n<p>Un&#8217;occasione per stare in compagnia e godersi oltre la spettacolare location, ideale per un pic-nic, anche le numerose attivit\u00e0 proposte dal museo: sfide a colpi di enigmi e labirinti scientifici, laboratorio di costruzione e, naturalmente, i suggestivi spettacoli al planetario e la divertente visita interattive alle sale.<\/p>\n","protected":false},"author":4,"featured_media":13361,"comment_status":"closed","ping_status":"closed","sticky":false,"template":"","format":"standard","meta":{"footnotes":""},"categories":[55],"tags":[],"class_list":["post-13357","post","type-post","status-publish","format-standard","has-post-thumbnail","hentry","category-events-and-openings"],"yoast_head":"<!-- This site is optimized with the Yoast SEO plugin v27.5 - https:\/\/yoast.com\/product\/yoast-seo-wordpress\/ -->\n<title>Museo del Bal\u00ec | A shooting star, a granted wish<\/title>\n<meta name=\"description\" content=\"Special openings for the Perseids, the best meteor shower ever!\" \/>\n<meta name=\"robots\" content=\"index, follow, max-snippet:-1, max-image-preview:large, max-video-preview:-1\" \/>\n<link rel=\"canonical\" href=\"https:\/\/www.museodelbali.it\/ottobre-2024-al-museo-la-musica-delle-sfere-celesti\/\" \/>\n<meta property=\"og:locale\" content=\"en_US\" \/>\n<meta property=\"og:type\" content=\"article\" \/>\n<meta property=\"og:title\" content=\"Museo del Bal\u00ec | Pic-Nic under the Stars Evenings at the Telescope\" \/>\n<meta property=\"og:description\" content=\"During the months of June and July, the museum organizes evenings dedicated to astronomy and observing the sky through the observatory&#039;s telescopes.\" \/>\n<meta property=\"og:url\" content=\"https:\/\/www.museodelbali.it\/ottobre-2024-al-museo-la-musica-delle-sfere-celesti\/\" \/>\n<meta property=\"og:site_name\" content=\"Museo Bali - In pratica la Scienza\" \/>\n<meta property=\"article:publisher\" content=\"https:\/\/www.facebook.com\/museodelbali\" \/>\n<meta property=\"article:published_time\" content=\"2024-09-23T13:34:31+00:00\" \/>\n<meta property=\"article:modified_time\" content=\"2024-09-23T13:35:31+00:00\" \/>\n<meta property=\"og:image\" content=\"https:\/\/www.museodelbali.it\/wp-content\/uploads\/2023\/06\/Museo_bali_picnic2023.jpg\" \/>\n\t<meta property=\"og:image:width\" content=\"2048\" \/>\n\t<meta property=\"og:image:height\" content=\"1366\" \/>\n\t<meta property=\"og:image:type\" content=\"image\/jpeg\" \/>\n<meta name=\"author\" content=\"Francesca Cavallotti\" \/>\n<meta name=\"twitter:card\" content=\"summary_large_image\" \/>\n<meta name=\"twitter:title\" content=\"Museo del Bal\u00ec | Pic-Nic under the Stars Evenings at the Telescope\" \/>\n<meta name=\"twitter:description\" content=\"During the months of June and July, the museum organizes evenings dedicated to astronomy and observing the sky through the observatory&#039;s telescopes.\" \/>\n<meta name=\"twitter:image\" content=\"https:\/\/www.museodelbali.it\/wp-content\/uploads\/2023\/06\/Museo_bali_picnic2023.jpg\" \/>\n<meta name=\"twitter:label1\" content=\"Written by\" \/>\n\t<meta name=\"twitter:data1\" content=\"Francesca Cavallotti\" \/>\n\t<meta name=\"twitter:label2\" content=\"Est. reading time\" \/>\n\t<meta name=\"twitter:data2\" content=\"2 minutes\" \/>\n<script type=\"application\/ld+json\" class=\"yoast-schema-graph\">{\"@context\":\"https:\\\/\\\/schema.org\",\"@graph\":[{\"@type\":\"Article\",\"@id\":\"https:\\\/\\\/www.museodelbali.it\\\/ottobre-2024-al-museo-la-musica-delle-sfere-celesti\\\/#article\",\"isPartOf\":{\"@id\":\"https:\\\/\\\/www.museodelbali.it\\\/ottobre-2024-al-museo-la-musica-delle-sfere-celesti\\\/\"},\"author\":{\"name\":\"Francesca Cavallotti\",\"@id\":\"https:\\\/\\\/www.museodelbali.it\\\/#\\\/schema\\\/person\\\/5dc547e8a7f9eca6fe21856a39287e81\"},\"headline\":\"A shooting star, a granted wish!\",\"datePublished\":\"2024-09-23T13:34:31+00:00\",\"dateModified\":\"2024-09-23T13:35:31+00:00\",\"mainEntityOfPage\":{\"@id\":\"https:\\\/\\\/www.museodelbali.it\\\/ottobre-2024-al-museo-la-musica-delle-sfere-celesti\\\/\"},\"wordCount\":1111,\"publisher\":{\"@id\":\"https:\\\/\\\/www.museodelbali.it\\\/#organization\"},\"image\":{\"@id\":\"https:\\\/\\\/www.museodelbali.it\\\/ottobre-2024-al-museo-la-musica-delle-sfere-celesti\\\/#primaryimage\"},\"thumbnailUrl\":\"https:\\\/\\\/www.museodelbali.it\\\/wp-content\\\/uploads\\\/2024\\\/09\\\/WSZ2062-rid.jpg\",\"articleSection\":[\"Events and Openings\"],\"inLanguage\":\"en-US\"},{\"@type\":\"WebPage\",\"@id\":\"https:\\\/\\\/www.museodelbali.it\\\/ottobre-2024-al-museo-la-musica-delle-sfere-celesti\\\/\",\"url\":\"https:\\\/\\\/www.museodelbali.it\\\/ottobre-2024-al-museo-la-musica-delle-sfere-celesti\\\/\",\"name\":\"Museo del Bal\u00ec | A shooting star, a granted wish\",\"isPartOf\":{\"@id\":\"https:\\\/\\\/www.museodelbali.it\\\/#website\"},\"primaryImageOfPage\":{\"@id\":\"https:\\\/\\\/www.museodelbali.it\\\/ottobre-2024-al-museo-la-musica-delle-sfere-celesti\\\/#primaryimage\"},\"image\":{\"@id\":\"https:\\\/\\\/www.museodelbali.it\\\/ottobre-2024-al-museo-la-musica-delle-sfere-celesti\\\/#primaryimage\"},\"thumbnailUrl\":\"https:\\\/\\\/www.museodelbali.it\\\/wp-content\\\/uploads\\\/2024\\\/09\\\/WSZ2062-rid.jpg\",\"datePublished\":\"2024-09-23T13:34:31+00:00\",\"dateModified\":\"2024-09-23T13:35:31+00:00\",\"description\":\"Special openings for the Perseids, the best meteor shower ever!\",\"breadcrumb\":{\"@id\":\"https:\\\/\\\/www.museodelbali.it\\\/ottobre-2024-al-museo-la-musica-delle-sfere-celesti\\\/#breadcrumb\"},\"inLanguage\":\"en-US\",\"potentialAction\":[{\"@type\":\"ReadAction\",\"target\":[\"https:\\\/\\\/www.museodelbali.it\\\/ottobre-2024-al-museo-la-musica-delle-sfere-celesti\\\/\"]}]},{\"@type\":\"ImageObject\",\"inLanguage\":\"en-US\",\"@id\":\"https:\\\/\\\/www.museodelbali.it\\\/ottobre-2024-al-museo-la-musica-delle-sfere-celesti\\\/#primaryimage\",\"url\":\"https:\\\/\\\/www.museodelbali.it\\\/wp-content\\\/uploads\\\/2024\\\/09\\\/WSZ2062-rid.jpg\",\"contentUrl\":\"https:\\\/\\\/www.museodelbali.it\\\/wp-content\\\/uploads\\\/2024\\\/09\\\/WSZ2062-rid.jpg\",\"width\":800,\"height\":534,\"caption\":\"Persone che osservano la proiezione del cielo stellato al buio nella stanza del planetario\"},{\"@type\":\"BreadcrumbList\",\"@id\":\"https:\\\/\\\/www.museodelbali.it\\\/ottobre-2024-al-museo-la-musica-delle-sfere-celesti\\\/#breadcrumb\",\"itemListElement\":[{\"@type\":\"ListItem\",\"position\":1,\"name\":\"Home\",\"item\":\"https:\\\/\\\/www.museodelbali.it\\\/\"},{\"@type\":\"ListItem\",\"position\":2,\"name\":\"A shooting star, a granted wish!\"}]},{\"@type\":\"WebSite\",\"@id\":\"https:\\\/\\\/www.museodelbali.it\\\/#website\",\"url\":\"https:\\\/\\\/www.museodelbali.it\\\/\",\"name\":\"Museo Bali - In pratica la Scienza\",\"description\":\"In pratica la Scienza\",\"publisher\":{\"@id\":\"https:\\\/\\\/www.museodelbali.it\\\/#organization\"},\"potentialAction\":[{\"@type\":\"SearchAction\",\"target\":{\"@type\":\"EntryPoint\",\"urlTemplate\":\"https:\\\/\\\/www.museodelbali.it\\\/?s={search_term_string}\"},\"query-input\":{\"@type\":\"PropertyValueSpecification\",\"valueRequired\":true,\"valueName\":\"search_term_string\"}}],\"inLanguage\":\"en-US\"},{\"@type\":\"Organization\",\"@id\":\"https:\\\/\\\/www.museodelbali.it\\\/#organization\",\"name\":\"Fondazione \\\"Villa del Bal\u00ec\\\"\",\"url\":\"https:\\\/\\\/www.museodelbali.it\\\/\",\"logo\":{\"@type\":\"ImageObject\",\"inLanguage\":\"en-US\",\"@id\":\"https:\\\/\\\/www.museodelbali.it\\\/#\\\/schema\\\/logo\\\/image\\\/\",\"url\":\"https:\\\/\\\/www.museodelbali.it\\\/wp-content\\\/uploads\\\/2023\\\/03\\\/MusedelBali_logo_pos_vert.png\",\"contentUrl\":\"https:\\\/\\\/www.museodelbali.it\\\/wp-content\\\/uploads\\\/2023\\\/03\\\/MusedelBali_logo_pos_vert.png\",\"width\":348,\"height\":600,\"caption\":\"Fondazione \\\"Villa del Bal\u00ec\\\"\"},\"image\":{\"@id\":\"https:\\\/\\\/www.museodelbali.it\\\/#\\\/schema\\\/logo\\\/image\\\/\"},\"sameAs\":[\"https:\\\/\\\/www.facebook.com\\\/museodelbali\",\"https:\\\/\\\/www.instagram.com\\\/museodelbali\\\/\",\"https:\\\/\\\/www.youtube.com\\\/user\\\/museodelbali\"]},{\"@type\":\"Person\",\"@id\":\"https:\\\/\\\/www.museodelbali.it\\\/#\\\/schema\\\/person\\\/5dc547e8a7f9eca6fe21856a39287e81\",\"name\":\"Francesca Cavallotti\",\"image\":{\"@type\":\"ImageObject\",\"inLanguage\":\"en-US\",\"@id\":\"https:\\\/\\\/secure.gravatar.com\\\/avatar\\\/c38ee18101ce8449ee75cdcf267fcf51ed0a11ce7eccaf55098cb36964ad8a78?s=96&d=mm&r=g\",\"url\":\"https:\\\/\\\/secure.gravatar.com\\\/avatar\\\/c38ee18101ce8449ee75cdcf267fcf51ed0a11ce7eccaf55098cb36964ad8a78?s=96&d=mm&r=g\",\"contentUrl\":\"https:\\\/\\\/secure.gravatar.com\\\/avatar\\\/c38ee18101ce8449ee75cdcf267fcf51ed0a11ce7eccaf55098cb36964ad8a78?s=96&d=mm&r=g\",\"caption\":\"Francesca Cavallotti\"},\"sameAs\":[\"Francesca\"]}]}<\/script>\n<!-- \/ Yoast SEO plugin. -->","yoast_head_json":{"title":"Museo del Bal\u00ec | A shooting star, a granted wish","description":"Special openings for the Perseids, the best meteor shower ever!","robots":{"index":"index","follow":"follow","max-snippet":"max-snippet:-1","max-image-preview":"max-image-preview:large","max-video-preview":"max-video-preview:-1"},"canonical":"https:\/\/www.museodelbali.it\/ottobre-2024-al-museo-la-musica-delle-sfere-celesti\/","og_locale":"en_US","og_type":"article","og_title":"Museo del Bal\u00ec | Pic-Nic under the Stars Evenings at the Telescope","og_description":"During the months of June and July, the museum organizes evenings dedicated to astronomy and observing the sky through the observatory's telescopes.","og_url":"https:\/\/www.museodelbali.it\/ottobre-2024-al-museo-la-musica-delle-sfere-celesti\/","og_site_name":"Museo Bali - In pratica la Scienza","article_publisher":"https:\/\/www.facebook.com\/museodelbali","article_published_time":"2024-09-23T13:34:31+00:00","article_modified_time":"2024-09-23T13:35:31+00:00","og_image":[{"width":2048,"height":1366,"url":"https:\/\/www.museodelbali.it\/wp-content\/uploads\/2023\/06\/Museo_bali_picnic2023.jpg","type":"image\/jpeg"}],"author":"Francesca Cavallotti","twitter_card":"summary_large_image","twitter_title":"Museo del Bal\u00ec | Pic-Nic under the Stars Evenings at the Telescope","twitter_description":"During the months of June and July, the museum organizes evenings dedicated to astronomy and observing the sky through the observatory's telescopes.","twitter_image":"https:\/\/www.museodelbali.it\/wp-content\/uploads\/2023\/06\/Museo_bali_picnic2023.jpg","twitter_misc":{"Written by":"Francesca Cavallotti","Est. reading time":"2 minutes"},"schema":{"@context":"https:\/\/schema.org","@graph":[{"@type":"Article","@id":"https:\/\/www.museodelbali.it\/ottobre-2024-al-museo-la-musica-delle-sfere-celesti\/#article","isPartOf":{"@id":"https:\/\/www.museodelbali.it\/ottobre-2024-al-museo-la-musica-delle-sfere-celesti\/"},"author":{"name":"Francesca Cavallotti","@id":"https:\/\/www.museodelbali.it\/#\/schema\/person\/5dc547e8a7f9eca6fe21856a39287e81"},"headline":"A shooting star, a granted wish!","datePublished":"2024-09-23T13:34:31+00:00","dateModified":"2024-09-23T13:35:31+00:00","mainEntityOfPage":{"@id":"https:\/\/www.museodelbali.it\/ottobre-2024-al-museo-la-musica-delle-sfere-celesti\/"},"wordCount":1111,"publisher":{"@id":"https:\/\/www.museodelbali.it\/#organization"},"image":{"@id":"https:\/\/www.museodelbali.it\/ottobre-2024-al-museo-la-musica-delle-sfere-celesti\/#primaryimage"},"thumbnailUrl":"https:\/\/www.museodelbali.it\/wp-content\/uploads\/2024\/09\/WSZ2062-rid.jpg","articleSection":["Events and Openings"],"inLanguage":"en-US"},{"@type":"WebPage","@id":"https:\/\/www.museodelbali.it\/ottobre-2024-al-museo-la-musica-delle-sfere-celesti\/","url":"https:\/\/www.museodelbali.it\/ottobre-2024-al-museo-la-musica-delle-sfere-celesti\/","name":"Museo del Bal\u00ec | A shooting star, a granted wish","isPartOf":{"@id":"https:\/\/www.museodelbali.it\/#website"},"primaryImageOfPage":{"@id":"https:\/\/www.museodelbali.it\/ottobre-2024-al-museo-la-musica-delle-sfere-celesti\/#primaryimage"},"image":{"@id":"https:\/\/www.museodelbali.it\/ottobre-2024-al-museo-la-musica-delle-sfere-celesti\/#primaryimage"},"thumbnailUrl":"https:\/\/www.museodelbali.it\/wp-content\/uploads\/2024\/09\/WSZ2062-rid.jpg","datePublished":"2024-09-23T13:34:31+00:00","dateModified":"2024-09-23T13:35:31+00:00","description":"Special openings for the Perseids, the best meteor shower ever!","breadcrumb":{"@id":"https:\/\/www.museodelbali.it\/ottobre-2024-al-museo-la-musica-delle-sfere-celesti\/#breadcrumb"},"inLanguage":"en-US","potentialAction":[{"@type":"ReadAction","target":["https:\/\/www.museodelbali.it\/ottobre-2024-al-museo-la-musica-delle-sfere-celesti\/"]}]},{"@type":"ImageObject","inLanguage":"en-US","@id":"https:\/\/www.museodelbali.it\/ottobre-2024-al-museo-la-musica-delle-sfere-celesti\/#primaryimage","url":"https:\/\/www.museodelbali.it\/wp-content\/uploads\/2024\/09\/WSZ2062-rid.jpg","contentUrl":"https:\/\/www.museodelbali.it\/wp-content\/uploads\/2024\/09\/WSZ2062-rid.jpg","width":800,"height":534,"caption":"Persone che osservano la proiezione del cielo stellato al buio nella stanza del planetario"},{"@type":"BreadcrumbList","@id":"https:\/\/www.museodelbali.it\/ottobre-2024-al-museo-la-musica-delle-sfere-celesti\/#breadcrumb","itemListElement":[{"@type":"ListItem","position":1,"name":"Home","item":"https:\/\/www.museodelbali.it\/"},{"@type":"ListItem","position":2,"name":"A shooting star, a granted wish!"}]},{"@type":"WebSite","@id":"https:\/\/www.museodelbali.it\/#website","url":"https:\/\/www.museodelbali.it\/","name":"Museo Bali - In pratica la Scienza","description":"In pratica la Scienza","publisher":{"@id":"https:\/\/www.museodelbali.it\/#organization"},"potentialAction":[{"@type":"SearchAction","target":{"@type":"EntryPoint","urlTemplate":"https:\/\/www.museodelbali.it\/?s={search_term_string}"},"query-input":{"@type":"PropertyValueSpecification","valueRequired":true,"valueName":"search_term_string"}}],"inLanguage":"en-US"},{"@type":"Organization","@id":"https:\/\/www.museodelbali.it\/#organization","name":"Fondazione \"Villa del Bal\u00ec\"","url":"https:\/\/www.museodelbali.it\/","logo":{"@type":"ImageObject","inLanguage":"en-US","@id":"https:\/\/www.museodelbali.it\/#\/schema\/logo\/image\/","url":"https:\/\/www.museodelbali.it\/wp-content\/uploads\/2023\/03\/MusedelBali_logo_pos_vert.png","contentUrl":"https:\/\/www.museodelbali.it\/wp-content\/uploads\/2023\/03\/MusedelBali_logo_pos_vert.png","width":348,"height":600,"caption":"Fondazione \"Villa del Bal\u00ec\""},"image":{"@id":"https:\/\/www.museodelbali.it\/#\/schema\/logo\/image\/"},"sameAs":["https:\/\/www.facebook.com\/museodelbali","https:\/\/www.instagram.com\/museodelbali\/","https:\/\/www.youtube.com\/user\/museodelbali"]},{"@type":"Person","@id":"https:\/\/www.museodelbali.it\/#\/schema\/person\/5dc547e8a7f9eca6fe21856a39287e81","name":"Francesca Cavallotti","image":{"@type":"ImageObject","inLanguage":"en-US","@id":"https:\/\/secure.gravatar.com\/avatar\/c38ee18101ce8449ee75cdcf267fcf51ed0a11ce7eccaf55098cb36964ad8a78?s=96&d=mm&r=g","url":"https:\/\/secure.gravatar.com\/avatar\/c38ee18101ce8449ee75cdcf267fcf51ed0a11ce7eccaf55098cb36964ad8a78?s=96&d=mm&r=g","contentUrl":"https:\/\/secure.gravatar.com\/avatar\/c38ee18101ce8449ee75cdcf267fcf51ed0a11ce7eccaf55098cb36964ad8a78?s=96&d=mm&r=g","caption":"Francesca Cavallotti"},"sameAs":["Francesca"]}]}},"_links":{"self":[{"href":"https:\/\/www.museodelbali.it\/en\/wp-json\/wp\/v2\/posts\/13357","targetHints":{"allow":["GET"]}}],"collection":[{"href":"https:\/\/www.museodelbali.it\/en\/wp-json\/wp\/v2\/posts"}],"about":[{"href":"https:\/\/www.museodelbali.it\/en\/wp-json\/wp\/v2\/types\/post"}],"author":[{"embeddable":true,"href":"https:\/\/www.museodelbali.it\/en\/wp-json\/wp\/v2\/users\/4"}],"replies":[{"embeddable":true,"href":"https:\/\/www.museodelbali.it\/en\/wp-json\/wp\/v2\/comments?post=13357"}],"version-history":[{"count":0,"href":"https:\/\/www.museodelbali.it\/en\/wp-json\/wp\/v2\/posts\/13357\/revisions"}],"wp:featuredmedia":[{"embeddable":true,"href":"https:\/\/www.museodelbali.it\/en\/wp-json\/wp\/v2\/media\/13361"}],"wp:attachment":[{"href":"https:\/\/www.museodelbali.it\/en\/wp-json\/wp\/v2\/media?parent=13357"}],"wp:term":[{"taxonomy":"category","embeddable":true,"href":"https:\/\/www.museodelbali.it\/en\/wp-json\/wp\/v2\/categories?post=13357"},{"taxonomy":"post_tag","embeddable":true,"href":"https:\/\/www.museodelbali.it\/en\/wp-json\/wp\/v2\/tags?post=13357"}],"curies":[{"name":"wp","href":"https:\/\/api.w.org\/{rel}","templated":true}]}}